{"id":20773,"date":"2019-03-15T12:44:42","date_gmt":"2019-03-15T12:44:42","guid":{"rendered":"https:\/\/armstrongyregion.com.ar\/diario\/?p=20773"},"modified":"2019-03-15T12:44:42","modified_gmt":"2019-03-15T12:44:42","slug":"cambio-de-autoridades-en-la-comisaria-tercera-de-armstrong","status":"publish","type":"post","link":"https:\/\/armstrongyregion.com.ar\/diario\/cambio-de-autoridades-en-la-comisaria-tercera-de-armstrong\/","title":{"rendered":"Cambio de autoridades en la Comisar\u00eda Tercera de Armstrong."},"content":{"rendered":"<p><a href=\"http:\/\/armstrongyregion.com.ar\/diario\/wp-content\/uploads\/2019\/03\/Comisario-Scarface-.jpg\"><img loading=\"lazy\" decoding=\"async\" class=\"alignnone size-full wp-image-20774\" src=\"http:\/\/armstrongyregion.com.ar\/diario\/wp-content\/uploads\/2019\/03\/Comisario-Scarface-.jpg\" alt=\"Comisario-Scarface-\" width=\"800\" height=\"445\" srcset=\"https:\/\/armstrongyregion.com.ar\/diario\/wp-content\/uploads\/2019\/03\/Comisario-Scarface-.jpg 800w, https:\/\/armstrongyregion.com.ar\/diario\/wp-content\/uploads\/2019\/03\/Comisario-Scarface--300x167.jpg 300w\" sizes=\"auto, (max-width: 800px) 100vw, 800px\" \/><\/a>El pasado mi\u00e9rcoles se presentaron las nuevas autoridades en la comisar\u00eda III de la ciudad de Armstrong.<\/p>\n<p>Claudio Scaraf\u00eda, de la ciudad de Rosario, asumi\u00f3 como jefe de la dependencia.<\/p>\n<p><a href=\"http:\/\/armstrongyregion.com.ar\/diario\/wp-content\/uploads\/2016\/07\/comisaria-armstrong-y-region13.jpg\"><img loading=\"lazy\" decoding=\"async\" class=\"alignnone size-large wp-image-8826\" src=\"http:\/\/armstrongyregion.com.ar\/diario\/wp-content\/uploads\/2016\/07\/comisaria-armstrong-y-region13-1024x552.jpg\" alt=\"comisaria-armstrong-y-region1\" width=\"800\" height=\"431\" srcset=\"https:\/\/armstrongyregion.com.ar\/diario\/wp-content\/uploads\/2016\/07\/comisaria-armstrong-y-region13-1024x552.jpg 1024w, https:\/\/armstrongyregion.com.ar\/diario\/wp-content\/uploads\/2016\/07\/comisaria-armstrong-y-region13-300x162.jpg 300w, https:\/\/armstrongyregion.com.ar\/diario\/wp-content\/uploads\/2016\/07\/comisaria-armstrong-y-region13.jpg 1855w\" sizes=\"auto, (max-width: 800px) 100vw, 800px\" \/><\/a>Claudio Blanco, quien se desempe\u00f1aba como jefe, fue designado hacia la ciudad de Las Rosas, hasta que se designe un cargo.<\/p>\n<p>Declaraciones de Scaraf\u00eda \u201cRealizaremos estrategias de patrullaje en la ciudad y tambi\u00e9n en los accesos a esta, ya que tenemos la autopista cerca y los que delinquen no son de la localidad\u201d.<\/p>\n","protected":false},"excerpt":{"rendered":"<p>El pasado mi\u00e9rcoles se presentaron las nuevas autoridades en la comisar\u00eda III de la ciudad de Armstrong. Claudio Scaraf\u00eda, de la ciudad de Rosario, asumi\u00f3 como jefe de la dependencia. Claudio Blanco, quien se desempe\u00f1aba como jefe, fue designado hacia la ciudad de Las Rosas, hasta que se designe un cargo. Declaraciones de Scaraf\u00eda \u201cRealizaremos <a href=\"https:\/\/armstrongyregion.com.ar\/diario\/cambio-de-autoridades-en-la-comisaria-tercera-de-armstrong\/\" title=\"Read more\" >&#8230;<\/a><\/p>\n","protected":false},"author":1,"featured_media":20774,"comment_status":"open","ping_status":"open","sticky":false,"template":"","format":"standard","meta":{"_jetpack_memberships_contains_paid_content":false,"footnotes":"","jetpack_publicize_message":"","jetpack_publicize_feature_enabled":true,"jetpack_social_post_already_shared":false,"jetpack_social_options":{"image_generator_settings":{"template":"highway","default_image_id":0,"enabled":false},"version":2}},"categories":[8,1,2,2852,7],"tags":[7671],"class_list":["post-20773","post","type-post","status-publish","format-standard","has-post-thumbnail","hentry","category-deliberando","category-diario-armstrong","category-locales","category-policiales","category-politica","tag-cambio-de-autoridades-en-la-comisaria-tercera-de-armstrong"],"jetpack_publicize_connections":[],"jetpack_featured_media_url":"https:\/\/armstrongyregion.com.ar\/diario\/wp-content\/uploads\/2019\/03\/Comisario-Scarface-.jpg","jetpack_shortlink":"https:\/\/wp.me\/p62QDO-5p3","jetpack_sharing_enabled":true,"amp_enabled":true,"_links":{"self":[{"href":"https:\/\/armstrongyregion.com.ar\/diario\/wp-json\/wp\/v2\/posts\/20773","targetHints":{"allow":["GET"]}}],"collection":[{"href":"https:\/\/armstrongyregion.com.ar\/diario\/wp-json\/wp\/v2\/posts"}],"about":[{"href":"https:\/\/armstrongyregion.com.ar\/diario\/wp-json\/wp\/v2\/types\/post"}],"author":[{"embeddable":true,"href":"https:\/\/armstrongyregion.com.ar\/diario\/wp-json\/wp\/v2\/users\/1"}],"replies":[{"embeddable":true,"href":"https:\/\/armstrongyregion.com.ar\/diario\/wp-json\/wp\/v2\/comments?post=20773"}],"version-history":[{"count":0,"href":"https:\/\/armstrongyregion.com.ar\/diario\/wp-json\/wp\/v2\/posts\/20773\/revisions"}],"wp:featuredmedia":[{"embeddable":true,"href":"https:\/\/armstrongyregion.com.ar\/diario\/wp-json\/wp\/v2\/media\/20774"}],"wp:attachment":[{"href":"https:\/\/armstrongyregion.com.ar\/diario\/wp-json\/wp\/v2\/media?parent=20773"}],"wp:term":[{"taxonomy":"category","embeddable":true,"href":"https:\/\/armstrongyregion.com.ar\/diario\/wp-json\/wp\/v2\/categories?post=20773"},{"taxonomy":"post_tag","embeddable":true,"href":"https:\/\/armstrongyregion.com.ar\/diario\/wp-json\/wp\/v2\/tags?post=20773"}],"curies":[{"name":"wp","href":"https:\/\/api.w.org\/{rel}","templated":true}]}}