{"id":20755,"date":"2019-03-14T13:15:44","date_gmt":"2019-03-14T13:15:44","guid":{"rendered":"https:\/\/armstrongyregion.com.ar\/diario\/?p=20755"},"modified":"2019-03-14T13:19:51","modified_gmt":"2019-03-14T13:19:51","slug":"gramigna-tenemos-una-vision-distinta-de-la-ciudad-con-el-intendente","status":"publish","type":"post","link":"https:\/\/armstrongyregion.com.ar\/diario\/gramigna-tenemos-una-vision-distinta-de-la-ciudad-con-el-intendente\/","title":{"rendered":"Gramigna: \u201cTenemos una visi\u00f3n distinta de la Ciudad con el Intendente\u201d ."},"content":{"rendered":"<p><a href=\"http:\/\/armstrongyregion.com.ar\/diario\/wp-content\/uploads\/2017\/04\/DSC_0475.jpg\"><img loading=\"lazy\" decoding=\"async\" class=\"alignnone size-large wp-image-12670\" src=\"http:\/\/armstrongyregion.com.ar\/diario\/wp-content\/uploads\/2017\/04\/DSC_0475-1024x683.jpg\" alt=\"Emiliano-Gramigna-\" width=\"800\" height=\"534\" srcset=\"https:\/\/armstrongyregion.com.ar\/diario\/wp-content\/uploads\/2017\/04\/DSC_0475-1024x683.jpg 1024w, https:\/\/armstrongyregion.com.ar\/diario\/wp-content\/uploads\/2017\/04\/DSC_0475-300x200.jpg 300w\" sizes=\"auto, (max-width: 800px) 100vw, 800px\" \/><\/a>As\u00ed refiri\u00f3 el Concejal luego del discurso inaugural del Intendente en las sesiones del Concejo Municipal, \u201cVerdecchia plante\u00f3 una situaci\u00f3n de la ciudad que creo que est\u00e1 un poco alejada de la realidad que vivimos, l\u00f3gicamente tenemos una visi\u00f3n de ciudad distinta, que l\u00f3gicamente vamos a plantear esa visi\u00f3n a lo largo de todo el a\u00f1o como lo hicimos hasta ahora\u201d.<\/p>\n<p>Respecto a las expresiones de Verdecchia sobre la recomendaci\u00f3n de no hacer campa\u00f1a dentro del Concejo Gramigna manifest\u00f3: \u201cllama la atenci\u00f3n las declaraciones del Intendente ya que el hizo campa\u00f1a desde el Concejo para llegar a la Intendencia, pero bueno a veces con el tiempo se cambia de opini\u00f3n, por nuestra parte la campa\u00f1a electoral es en la calle y con propuestas, mi funci\u00f3n en el Concejo es legislar, controlar y acompa\u00f1ar a los vecinos en sus reclamos\u201d.<\/p>\n","protected":false},"excerpt":{"rendered":"<p>As\u00ed refiri\u00f3 el Concejal luego del discurso inaugural del Intendente en las sesiones del Concejo Municipal, \u201cVerdecchia plante\u00f3 una situaci\u00f3n de la ciudad que creo que est\u00e1 un poco alejada de la realidad que vivimos, l\u00f3gicamente tenemos una visi\u00f3n de ciudad distinta, que l\u00f3gicamente vamos a plantear esa visi\u00f3n a lo largo de todo el <a href=\"https:\/\/armstrongyregion.com.ar\/diario\/gramigna-tenemos-una-vision-distinta-de-la-ciudad-con-el-intendente\/\" title=\"Read more\" >&#8230;<\/a><\/p>\n","protected":false},"author":1,"featured_media":12670,"comment_status":"open","ping_status":"open","sticky":false,"template":"","format":"standard","meta":{"_jetpack_memberships_contains_paid_content":false,"footnotes":"","jetpack_publicize_message":"","jetpack_publicize_feature_enabled":true,"jetpack_social_post_already_shared":false,"jetpack_social_options":{"image_generator_settings":{"template":"highway","default_image_id":0,"enabled":false},"version":2}},"categories":[8,1,2,7],"tags":[7666],"class_list":["post-20755","post","type-post","status-publish","format-standard","has-post-thumbnail","hentry","category-deliberando","category-diario-armstrong","category-locales","category-politica","tag-gramigna-tenemos-una-vision-distinta-de-la-ciudad-con-el-intendente"],"jetpack_publicize_connections":[],"jetpack_featured_media_url":"https:\/\/armstrongyregion.com.ar\/diario\/wp-content\/uploads\/2017\/04\/DSC_0475.jpg","jetpack_shortlink":"https:\/\/wp.me\/p62QDO-5oL","jetpack_sharing_enabled":true,"amp_enabled":true,"_links":{"self":[{"href":"https:\/\/armstrongyregion.com.ar\/diario\/wp-json\/wp\/v2\/posts\/20755","targetHints":{"allow":["GET"]}}],"collection":[{"href":"https:\/\/armstrongyregion.com.ar\/diario\/wp-json\/wp\/v2\/posts"}],"about":[{"href":"https:\/\/armstrongyregion.com.ar\/diario\/wp-json\/wp\/v2\/types\/post"}],"author":[{"embeddable":true,"href":"https:\/\/armstrongyregion.com.ar\/diario\/wp-json\/wp\/v2\/users\/1"}],"replies":[{"embeddable":true,"href":"https:\/\/armstrongyregion.com.ar\/diario\/wp-json\/wp\/v2\/comments?post=20755"}],"version-history":[{"count":0,"href":"https:\/\/armstrongyregion.com.ar\/diario\/wp-json\/wp\/v2\/posts\/20755\/revisions"}],"wp:featuredmedia":[{"embeddable":true,"href":"https:\/\/armstrongyregion.com.ar\/diario\/wp-json\/wp\/v2\/media\/12670"}],"wp:attachment":[{"href":"https:\/\/armstrongyregion.com.ar\/diario\/wp-json\/wp\/v2\/media?parent=20755"}],"wp:term":[{"taxonomy":"category","embeddable":true,"href":"https:\/\/armstrongyregion.com.ar\/diario\/wp-json\/wp\/v2\/categories?post=20755"},{"taxonomy":"post_tag","embeddable":true,"href":"https:\/\/armstrongyregion.com.ar\/diario\/wp-json\/wp\/v2\/tags?post=20755"}],"curies":[{"name":"wp","href":"https:\/\/api.w.org\/{rel}","templated":true}]}}