{"id":2075,"date":"2015-05-09T02:47:02","date_gmt":"2015-05-09T02:47:02","guid":{"rendered":"https:\/\/armstrongyregion.com.ar\/diario\/?p=2075"},"modified":"2015-05-09T02:59:49","modified_gmt":"2015-05-09T02:59:49","slug":"curso-formacion-de-formadores-de-empresas","status":"publish","type":"post","link":"https:\/\/armstrongyregion.com.ar\/diario\/curso-formacion-de-formadores-de-empresas\/","title":{"rendered":"Curso \u201cFormaci\u00f3n de formadores de empresas\u201d."},"content":{"rendered":"<p><a href=\"http:\/\/armstrongyregion.com.ar\/diario\/wp-content\/uploads\/2015\/05\/image002.jpg\"><img loading=\"lazy\" decoding=\"async\" src=\"http:\/\/armstrongyregion.com.ar\/diario\/wp-content\/uploads\/2015\/05\/image002.jpg\" alt=\"Centro Industrial Las Parejas.\" width=\"225\" height=\"180\" class=\"alignnone size-full wp-image-2076\" \/><\/a>Esta capacitaci\u00f3n est\u00e1 dirigida a titulares de empresas, personal de mandos medios y personal superior (gerentes, encargados, supervisores,etc.)<\/p>\n<p>Duraci\u00f3n: 12 horas, repartida en 4hs por d\u00eda<\/p>\n<p>Fechas: Mi\u00e9rcoles 20 de Mayo, 27 de Mayo y 3 de Junio de 2015.<\/p>\n<p>Horario: de 9hs a 13hs.<\/p>\n<p>Lugar: Centro Industrial de Las Parejas \u2013 Avda. 17 n\u00b0 951, Galer\u00eda San Marcos, Local 10 \u2013 Las Parejas.<\/p>\n<p>Informaci\u00f3n: para mayor informaci\u00f3n sobre cursos y seminarios visite nuestra p\u00e1gina web: www.centroindustrial.com.ar<\/p>\n<p>En caso de interesarle, le solicitamos nos env\u00ede la ficha de inscripci\u00f3n adjunta al e-mail:vbarge@centroindustrial.com.ar ANTES DEL D\u00cdA 13 DE MAYO DE 2015<\/p>\n<p>Objetivos:<\/p>\n<p>\u2022 Analizar las caracter\u00edsticas de los procesos de ense\u00f1anza \u2013aprendizaje en las empresas.<\/p>\n<p>\u2022 Reflexionar sobre la caracter\u00edstica del trabajo del formador en la capacitaci\u00f3n laboral.<\/p>\n<p>\u2022 Reconocer la importancia del dise\u00f1o curricular como documento que gu\u00eda las pr\u00e1cticas educativas.<\/p>\n<p>\u2022 Manejar herramientas did\u00e1cticas que permitan la transmisi\u00f3n de conocimientos<\/p>\n<p>Contenidos:<\/p>\n<p>Modulo I<\/p>\n<p>El proceso de formaci\u00f3n dentro de las empresas.<br \/>\nConcepto de ense\u00f1anza-aprendizaje.<br \/>\nEl adulto como alumno.<br \/>\nLa importancia de los conocimientos previos.<br \/>\nModulo II<\/p>\n<p>\u00bfQu\u00e9 voy a ense\u00f1ar? &#8211; Contenidos.<br \/>\n\u00bfCu\u00e1l es la meta? &#8211; Objetivos.<br \/>\n\u00bfC\u00f3mo lo voy a ense\u00f1ar? &#8211; Metodolog\u00eda.<br \/>\n\u00bfQu\u00e9 elementos voy a necesitar? &#8211; Recursos.<br \/>\nRol del formador.<br \/>\nModulo III<\/p>\n<p>Nociones acerca del curriculum.<br \/>\n\u00bfQu\u00e9 es un dise\u00f1o curricular?<br \/>\nLos elementos que componen al dise\u00f1o curricular.<br \/>\nDise\u00f1o curricular modular. Caracter\u00edsticas y componentes del m\u00f3dulo<br \/>\nLa importancia de la secuencia did\u00e1ctica en la actividad docente.<br \/>\nModulo IV<\/p>\n<p>La importancia de la comunicaci\u00f3n en el proceso de formaci\u00f3n.<br \/>\nMotivaci\u00f3n y conducta<br \/>\nEquipos de Trabajo<\/p>\n","protected":false},"excerpt":{"rendered":"<p>Esta capacitaci\u00f3n est\u00e1 dirigida a titulares de empresas, personal de mandos medios y personal superior (gerentes, encargados, supervisores,etc.) Duraci\u00f3n: 12 horas, repartida en 4hs por d\u00eda Fechas: Mi\u00e9rcoles 20 de Mayo, 27 de Mayo y 3 de Junio de 2015. Horario: de 9hs a 13hs. Lugar: Centro Industrial de Las Parejas \u2013 Avda. 17 n\u00b0 <a href=\"https:\/\/armstrongyregion.com.ar\/diario\/curso-formacion-de-formadores-de-empresas\/\" title=\"Read more\" >&#8230;<\/a><\/p>\n","protected":false},"author":2,"featured_media":2076,"comment_status":"open","ping_status":"open","sticky":false,"template":"","format":"standard","meta":{"_jetpack_memberships_contains_paid_content":false,"footnotes":"","jetpack_publicize_message":"","jetpack_publicize_feature_enabled":true,"jetpack_social_post_already_shared":false,"jetpack_social_options":{"image_generator_settings":{"template":"highway","default_image_id":0,"enabled":false},"version":2}},"categories":[6,1,3],"tags":[412,19,1390,527,1648],"class_list":["post-2075","post","type-post","status-publish","format-standard","has-post-thumbnail","hentry","category-cultura-entretenimiento","category-diario-armstrong","category-region","tag-curso","tag-de","tag-empresas","tag-formacion","tag-formadores"],"jetpack_publicize_connections":[],"jetpack_featured_media_url":"https:\/\/armstrongyregion.com.ar\/diario\/wp-content\/uploads\/2015\/05\/image002.jpg","jetpack_shortlink":"https:\/\/wp.me\/p62QDO-xt","jetpack_sharing_enabled":true,"amp_enabled":true,"_links":{"self":[{"href":"https:\/\/armstrongyregion.com.ar\/diario\/wp-json\/wp\/v2\/posts\/2075","targetHints":{"allow":["GET"]}}],"collection":[{"href":"https:\/\/armstrongyregion.com.ar\/diario\/wp-json\/wp\/v2\/posts"}],"about":[{"href":"https:\/\/armstrongyregion.com.ar\/diario\/wp-json\/wp\/v2\/types\/post"}],"author":[{"embeddable":true,"href":"https:\/\/armstrongyregion.com.ar\/diario\/wp-json\/wp\/v2\/users\/2"}],"replies":[{"embeddable":true,"href":"https:\/\/armstrongyregion.com.ar\/diario\/wp-json\/wp\/v2\/comments?post=2075"}],"version-history":[{"count":0,"href":"https:\/\/armstrongyregion.com.ar\/diario\/wp-json\/wp\/v2\/posts\/2075\/revisions"}],"wp:featuredmedia":[{"embeddable":true,"href":"https:\/\/armstrongyregion.com.ar\/diario\/wp-json\/wp\/v2\/media\/2076"}],"wp:attachment":[{"href":"https:\/\/armstrongyregion.com.ar\/diario\/wp-json\/wp\/v2\/media?parent=2075"}],"wp:term":[{"taxonomy":"category","embeddable":true,"href":"https:\/\/armstrongyregion.com.ar\/diario\/wp-json\/wp\/v2\/categories?post=2075"},{"taxonomy":"post_tag","embeddable":true,"href":"https:\/\/armstrongyregion.com.ar\/diario\/wp-json\/wp\/v2\/tags?post=2075"}],"curies":[{"name":"wp","href":"https:\/\/api.w.org\/{rel}","templated":true}]}}