{"id":20725,"date":"2019-03-13T12:18:43","date_gmt":"2019-03-13T12:18:43","guid":{"rendered":"https:\/\/armstrongyregion.com.ar\/diario\/?p=20725"},"modified":"2019-03-13T12:18:43","modified_gmt":"2019-03-13T12:18:43","slug":"verdecchia-recomendo-que-no-se-utilice-el-recinto-para-hacer-campana-en-este-ano-electoral","status":"publish","type":"post","link":"https:\/\/armstrongyregion.com.ar\/diario\/verdecchia-recomendo-que-no-se-utilice-el-recinto-para-hacer-campana-en-este-ano-electoral\/","title":{"rendered":"Verdecchia recomend\u00f3 que no se utilice el recinto para hacer campa\u00f1a en este a\u00f1o electoral."},"content":{"rendered":"<p><a href=\"http:\/\/armstrongyregion.com.ar\/diario\/wp-content\/uploads\/2019\/03\/Apertura-concejo-19-1-.jpg\"><img loading=\"lazy\" decoding=\"async\" class=\"alignnone size-full wp-image-20726\" src=\"http:\/\/armstrongyregion.com.ar\/diario\/wp-content\/uploads\/2019\/03\/Apertura-concejo-19-1-.jpg\" alt=\"Apertura-concejo-19-1-\" width=\"960\" height=\"466\" srcset=\"https:\/\/armstrongyregion.com.ar\/diario\/wp-content\/uploads\/2019\/03\/Apertura-concejo-19-1-.jpg 960w, https:\/\/armstrongyregion.com.ar\/diario\/wp-content\/uploads\/2019\/03\/Apertura-concejo-19-1--300x146.jpg 300w\" sizes=\"auto, (max-width: 960px) 100vw, 960px\" \/><\/a>El presidente del Concejo Deliberante de Armstrong, Dr. Augusto Fischer, encabez\u00f3 la ceremonia de la que formaron parte los concejales, Emiliano Gramigna, Jes\u00fas Urqu\u00eda, Guillermo Marconi, Alejandro Pertusati y Carlos Cuffia.<\/p>\n<p>Fischer destac\u00f3 que en esta Sesi\u00f3n Preparatoria del Concejo Deliberante de Armstrong, el intendente Dr. Pablo Verdecchia, dejar\u00eda inaugurado el Per\u00edodo de Sesiones Ordinarias 2019. Donde tambi\u00e9n le dio la bienvenida a funcionarios del ejecutivo, representantes de las fuerzas vivas, medios de comunicaci\u00f3n y p\u00fablico en general.<\/p>\n<p>El edil subray\u00f3 en su presentaci\u00f3n \u00a0la necesidad de fomentar y participar del di\u00e1logo entre las instituciones para buscar las soluciones a los problemas de la ciudad.<\/p>\n<p><a href=\"http:\/\/armstrongyregion.com.ar\/diario\/wp-content\/uploads\/2019\/03\/Apertura-concejo-19-2-.jpg\"><img loading=\"lazy\" decoding=\"async\" class=\"alignnone size-full wp-image-20727\" src=\"http:\/\/armstrongyregion.com.ar\/diario\/wp-content\/uploads\/2019\/03\/Apertura-concejo-19-2-.jpg\" alt=\"Apertura-concejo-19-2-\" width=\"960\" height=\"466\" srcset=\"https:\/\/armstrongyregion.com.ar\/diario\/wp-content\/uploads\/2019\/03\/Apertura-concejo-19-2-.jpg 960w, https:\/\/armstrongyregion.com.ar\/diario\/wp-content\/uploads\/2019\/03\/Apertura-concejo-19-2--300x146.jpg 300w\" sizes=\"auto, (max-width: 960px) 100vw, 960px\" \/><\/a>El intendente en un extenso discurso repas\u00f3 los logros alcanzados durante estos nueve a\u00f1os de gesti\u00f3n y adelant\u00f3 los proyectos de trabajo para este 2019. Donde aprovech\u00f3 el momento y les recomend\u00f3 a los ediles que no se utilice el reciento para hacer campa\u00f1a debido a que este es un a\u00f1o electoral y tres concejales van por la renovaci\u00f3n de sus bancas.<\/p>\n<p>En dialogo con nuestro medio Verdecchia expres\u00f3: \u201c La verdad que institucionalmente esta es una de las jornadas m\u00e1s importantes del a\u00f1o, donde hacemos un balance del 2018 y hacemos proyecci\u00f3n de trabajo para este 2019. Esto se hace siempre desde el ejecutivo en conjunto con el legislativo, creo que institucionalmente este es un hecho muy significativo, tenemos que brindarle al concejo el camino por donde va a andar el trabajo del municipio en este \u00a0plazo de un a\u00f1o\u201d.<\/p>\n<p>La autoridad m\u00e1xima a\u00f1adi\u00f3: \u201cHay excelente predisposici\u00f3n a pesar de que ser\u00e1 un a\u00f1o pol\u00edtico donde casi siempre hay mayores dificultades, pero proyectamos que haya mucho dialogo y esperando que lo electoral pase. Lo m\u00e1s importante es que podamos ponernos de acuerdo para brindarles una mejor calidad de vida a los armstronenses\u201d.<\/p>\n<p>&nbsp;<\/p>\n","protected":false},"excerpt":{"rendered":"<p>El presidente del Concejo Deliberante de Armstrong, Dr. Augusto Fischer, encabez\u00f3 la ceremonia de la que formaron parte los concejales, Emiliano Gramigna, Jes\u00fas Urqu\u00eda, Guillermo Marconi, Alejandro Pertusati y Carlos Cuffia. Fischer destac\u00f3 que en esta Sesi\u00f3n Preparatoria del Concejo Deliberante de Armstrong, el intendente Dr. Pablo Verdecchia, dejar\u00eda inaugurado el Per\u00edodo de Sesiones Ordinarias <a href=\"https:\/\/armstrongyregion.com.ar\/diario\/verdecchia-recomendo-que-no-se-utilice-el-recinto-para-hacer-campana-en-este-ano-electoral\/\" title=\"Read more\" >&#8230;<\/a><\/p>\n","protected":false},"author":1,"featured_media":20726,"comment_status":"open","ping_status":"open","sticky":false,"template":"","format":"standard","meta":{"_jetpack_memberships_contains_paid_content":false,"footnotes":"","jetpack_publicize_message":"","jetpack_publicize_feature_enabled":true,"jetpack_social_post_already_shared":false,"jetpack_social_options":{"image_generator_settings":{"template":"highway","default_image_id":0,"enabled":false},"version":2}},"categories":[8,1,2,7],"tags":[7659],"class_list":["post-20725","post","type-post","status-publish","format-standard","has-post-thumbnail","hentry","category-deliberando","category-diario-armstrong","category-locales","category-politica","tag-verdecchia-recomendo-que-no-se-utilice-el-recinto-para-hacer-campana-en-este-ano-electoral"],"jetpack_publicize_connections":[],"jetpack_featured_media_url":"https:\/\/armstrongyregion.com.ar\/diario\/wp-content\/uploads\/2019\/03\/Apertura-concejo-19-1-.jpg","jetpack_shortlink":"https:\/\/wp.me\/p62QDO-5oh","jetpack_sharing_enabled":true,"amp_enabled":true,"_links":{"self":[{"href":"https:\/\/armstrongyregion.com.ar\/diario\/wp-json\/wp\/v2\/posts\/20725","targetHints":{"allow":["GET"]}}],"collection":[{"href":"https:\/\/armstrongyregion.com.ar\/diario\/wp-json\/wp\/v2\/posts"}],"about":[{"href":"https:\/\/armstrongyregion.com.ar\/diario\/wp-json\/wp\/v2\/types\/post"}],"author":[{"embeddable":true,"href":"https:\/\/armstrongyregion.com.ar\/diario\/wp-json\/wp\/v2\/users\/1"}],"replies":[{"embeddable":true,"href":"https:\/\/armstrongyregion.com.ar\/diario\/wp-json\/wp\/v2\/comments?post=20725"}],"version-history":[{"count":0,"href":"https:\/\/armstrongyregion.com.ar\/diario\/wp-json\/wp\/v2\/posts\/20725\/revisions"}],"wp:featuredmedia":[{"embeddable":true,"href":"https:\/\/armstrongyregion.com.ar\/diario\/wp-json\/wp\/v2\/media\/20726"}],"wp:attachment":[{"href":"https:\/\/armstrongyregion.com.ar\/diario\/wp-json\/wp\/v2\/media?parent=20725"}],"wp:term":[{"taxonomy":"category","embeddable":true,"href":"https:\/\/armstrongyregion.com.ar\/diario\/wp-json\/wp\/v2\/categories?post=20725"},{"taxonomy":"post_tag","embeddable":true,"href":"https:\/\/armstrongyregion.com.ar\/diario\/wp-json\/wp\/v2\/tags?post=20725"}],"curies":[{"name":"wp","href":"https:\/\/api.w.org\/{rel}","templated":true}]}}