{"id":20722,"date":"2019-03-12T21:12:23","date_gmt":"2019-03-12T21:12:23","guid":{"rendered":"https:\/\/armstrongyregion.com.ar\/diario\/?p=20722"},"modified":"2019-03-12T21:12:23","modified_gmt":"2019-03-12T21:12:23","slug":"armstrong-vecinos-autoconvocados-reunieron-casi-300-firmas","status":"publish","type":"post","link":"https:\/\/armstrongyregion.com.ar\/diario\/armstrong-vecinos-autoconvocados-reunieron-casi-300-firmas\/","title":{"rendered":"Armstrong. Vecinos Autoconvocados reunieron casi 300 firmas."},"content":{"rendered":"<p><a href=\"http:\/\/armstrongyregion.com.ar\/diario\/wp-content\/uploads\/2019\/03\/Vecinos-autoconvocados-19-marzo.jpg\"><img loading=\"lazy\" decoding=\"async\" class=\"alignnone size-full wp-image-20723\" src=\"http:\/\/armstrongyregion.com.ar\/diario\/wp-content\/uploads\/2019\/03\/Vecinos-autoconvocados-19-marzo.jpg\" alt=\"Vecinos-autoconvocados-19-marzo\" width=\"768\" height=\"586\" srcset=\"https:\/\/armstrongyregion.com.ar\/diario\/wp-content\/uploads\/2019\/03\/Vecinos-autoconvocados-19-marzo.jpg 768w, https:\/\/armstrongyregion.com.ar\/diario\/wp-content\/uploads\/2019\/03\/Vecinos-autoconvocados-19-marzo-300x229.jpg 300w\" sizes=\"auto, (max-width: 768px) 100vw, 768px\" \/><\/a>El pasado mi\u00e9rcoles 6 de marzo, a partir de las 20,30hs m\u00e1s de 60 vecinos\u00a0 del barrio norte, se reunieron en calles Fischer y Flotron en reclamo de mayor seguridad, en esta oportunidad contaron con la presencia del intendente Dr. Pablo Verdecchia y los concejales de Renovaci\u00f3n por Armstrong, Emiliano Gramigna y Jes\u00fas Urqu\u00eda.<\/p>\n<p>Los mismos han recaudado mas de 300 firmas, adjuntando una carta del municipio solicitando una reuni\u00f3n con los fiscales de Ca\u00f1ada de G\u00f3mez para tratar esta tem\u00e1tica.<\/p>\n<p>Recordamos que los \u00faltimos hechos delictivos se han producido en la zona de Bv.\u00a0 14 de Diciembre, Iraci, Fischer y Crucianelli.<\/p>\n<p>\u201cLa inseguridad que tenemos en Armstrong y en el barrio se ha incrementado. Yo fui v\u00edctima y nunca tuve respuesta. La fiscal me desestimo el hecho por falta de pruebas\u201d. Expresaba una vecina a los medios locales.<\/p>\n<p>Como todos los mi\u00e9rcoles ma\u00f1ana a las 20,30hs se reunir\u00e1n en el mismo lugar esperando ser escuchados.<\/p>\n","protected":false},"excerpt":{"rendered":"<p>El pasado mi\u00e9rcoles 6 de marzo, a partir de las 20,30hs m\u00e1s de 60 vecinos\u00a0 del barrio norte, se reunieron en calles Fischer y Flotron en reclamo de mayor seguridad, en esta oportunidad contaron con la presencia del intendente Dr. Pablo Verdecchia y los concejales de Renovaci\u00f3n por Armstrong, Emiliano Gramigna y Jes\u00fas Urqu\u00eda. Los <a href=\"https:\/\/armstrongyregion.com.ar\/diario\/armstrong-vecinos-autoconvocados-reunieron-casi-300-firmas\/\" title=\"Read more\" >&#8230;<\/a><\/p>\n","protected":false},"author":1,"featured_media":20723,"comment_status":"open","ping_status":"open","sticky":false,"template":"","format":"standard","meta":{"_jetpack_memberships_contains_paid_content":false,"footnotes":"","jetpack_publicize_message":"","jetpack_publicize_feature_enabled":true,"jetpack_social_post_already_shared":false,"jetpack_social_options":{"image_generator_settings":{"template":"highway","default_image_id":0,"enabled":false},"version":2}},"categories":[1],"tags":[7658],"class_list":["post-20722","post","type-post","status-publish","format-standard","has-post-thumbnail","hentry","category-diario-armstrong","tag-armstrong-vecinos-autoconvocados-reunieron-casi-300-firmas"],"jetpack_publicize_connections":[],"jetpack_featured_media_url":"https:\/\/armstrongyregion.com.ar\/diario\/wp-content\/uploads\/2019\/03\/Vecinos-autoconvocados-19-marzo.jpg","jetpack_shortlink":"https:\/\/wp.me\/p62QDO-5oe","jetpack_sharing_enabled":true,"amp_enabled":true,"_links":{"self":[{"href":"https:\/\/armstrongyregion.com.ar\/diario\/wp-json\/wp\/v2\/posts\/20722","targetHints":{"allow":["GET"]}}],"collection":[{"href":"https:\/\/armstrongyregion.com.ar\/diario\/wp-json\/wp\/v2\/posts"}],"about":[{"href":"https:\/\/armstrongyregion.com.ar\/diario\/wp-json\/wp\/v2\/types\/post"}],"author":[{"embeddable":true,"href":"https:\/\/armstrongyregion.com.ar\/diario\/wp-json\/wp\/v2\/users\/1"}],"replies":[{"embeddable":true,"href":"https:\/\/armstrongyregion.com.ar\/diario\/wp-json\/wp\/v2\/comments?post=20722"}],"version-history":[{"count":0,"href":"https:\/\/armstrongyregion.com.ar\/diario\/wp-json\/wp\/v2\/posts\/20722\/revisions"}],"wp:featuredmedia":[{"embeddable":true,"href":"https:\/\/armstrongyregion.com.ar\/diario\/wp-json\/wp\/v2\/media\/20723"}],"wp:attachment":[{"href":"https:\/\/armstrongyregion.com.ar\/diario\/wp-json\/wp\/v2\/media?parent=20722"}],"wp:term":[{"taxonomy":"category","embeddable":true,"href":"https:\/\/armstrongyregion.com.ar\/diario\/wp-json\/wp\/v2\/categories?post=20722"},{"taxonomy":"post_tag","embeddable":true,"href":"https:\/\/armstrongyregion.com.ar\/diario\/wp-json\/wp\/v2\/tags?post=20722"}],"curies":[{"name":"wp","href":"https:\/\/api.w.org\/{rel}","templated":true}]}}