{"id":20713,"date":"2019-03-12T12:44:21","date_gmt":"2019-03-12T12:44:21","guid":{"rendered":"https:\/\/armstrongyregion.com.ar\/diario\/?p=20713"},"modified":"2019-03-12T12:44:21","modified_gmt":"2019-03-12T12:44:21","slug":"la-educacion-es-una-prioridad-para-el-gobierno-de-santa-fe","status":"publish","type":"post","link":"https:\/\/armstrongyregion.com.ar\/diario\/la-educacion-es-una-prioridad-para-el-gobierno-de-santa-fe\/","title":{"rendered":"La Educaci\u00f3n es una prioridad para el gobierno de Santa Fe."},"content":{"rendered":"<p><a href=\"http:\/\/armstrongyregion.com.ar\/diario\/wp-content\/uploads\/2019\/03\/inicio19-.jpg\"><img loading=\"lazy\" decoding=\"async\" class=\"alignnone size-full wp-image-20714\" src=\"http:\/\/armstrongyregion.com.ar\/diario\/wp-content\/uploads\/2019\/03\/inicio19-.jpg\" alt=\"inicio19-\" width=\"768\" height=\"482\" srcset=\"https:\/\/armstrongyregion.com.ar\/diario\/wp-content\/uploads\/2019\/03\/inicio19-.jpg 768w, https:\/\/armstrongyregion.com.ar\/diario\/wp-content\/uploads\/2019\/03\/inicio19--300x188.jpg 300w\" sizes=\"auto, (max-width: 768px) 100vw, 768px\" \/><\/a>As\u00ed lo expres\u00f3 el diputado provincial Miguel Solis, al asistir al inicio del ciclo lectivo en escuelas de la regi\u00f3n.<\/p>\n<div class=\"cuerpo fullpost__cuerpo\">\n<p>El diputado Miguel Solis,\u00a0 asisti\u00f3 este lunes al inicio del ciclo lectivo 2019 de la Escuela T\u00e9cnica N\u00ba 291 y posteriormente, particip\u00f3 del primer d\u00eda de clases de la Escuela Normal Superior N\u00ba 33 de la ciudad de Armstrong.<\/p>\n<p>La jornada tuvo una particularidad; la vuelta a las aulas de los estudiantes de la Escuela T\u00e9cnica, se llev\u00f3 a cabo en las instalaciones de los \u201cGalpones MaS\u201d, un espacio acondicionado de transici\u00f3n, cedido por la municipalidad hasta que finalice la construcci\u00f3n del nuevo edificio del establecimiento: \u201cUn sue\u00f1o hecho realidad gracias al Gobierno de Santa Fe\u201d expres\u00f3 el intendente Pablo Verdecchia a los presentes en el acto de apertura de clases.<\/p>\n<p>Solis estuvo acompa\u00f1ando al intendente local Dr. Pablo Verdecchia, tambien participaron el concejal Alejandro Pertusati,\u00a0 Dra. Veronica Barone, Rosana Siri, directora de Cultura y Educaci\u00f3n,\u00a0\u00a0y la\u00a0\u00a0Arq. Natalia Martinez,\u00a0\u00a0por Obras P\u00fablicas.<\/p>\n<p>\u201cLa educaci\u00f3n es una prioridad para el Gobierno de Santa Fe, y lo demostramos con hechos concretos: nueva escuela primaria en Las Parejas, el nuevo edificio de la t\u00e9cnica aqu\u00ed en la ciudad, y el del Instituto del Profesorado n\u00ba 5 en Ca\u00f1ada de Gomez, por citar algunos de la regi\u00f3n, sumado a las paritarias docentes que buscan un acuerdo salarial que no pierda contra la inflaci\u00f3n, al nuevo servicio de transporte interurbano que mejora los traslados a centros educativos, y a los programas de becas estudiantiles y medio boleto, hablan de una pol\u00edtica de Estado y de un modelo de gesti\u00f3n que hace lo que dijimos que \u00edbamos a hacer\u201d, argumento el legislador.<\/p>\n<\/div>\n<section class=\"info-autor\">\n<div class=\"foto\"><\/div>\n<div class=\"datos\">\n<h2 class=\"nombre\"><\/h2>\n<\/div>\n<\/section>\n","protected":false},"excerpt":{"rendered":"<p>As\u00ed lo expres\u00f3 el diputado provincial Miguel Solis, al asistir al inicio del ciclo lectivo en escuelas de la regi\u00f3n. El diputado Miguel Solis,\u00a0 asisti\u00f3 este lunes al inicio del ciclo lectivo 2019 de la Escuela T\u00e9cnica N\u00ba 291 y posteriormente, particip\u00f3 del primer d\u00eda de clases de la Escuela Normal Superior N\u00ba 33 de <a href=\"https:\/\/armstrongyregion.com.ar\/diario\/la-educacion-es-una-prioridad-para-el-gobierno-de-santa-fe\/\" title=\"Read more\" >&#8230;<\/a><\/p>\n","protected":false},"author":1,"featured_media":20714,"comment_status":"open","ping_status":"open","sticky":false,"template":"","format":"standard","meta":{"_jetpack_memberships_contains_paid_content":false,"footnotes":"","jetpack_publicize_message":"","jetpack_publicize_feature_enabled":true,"jetpack_social_post_already_shared":false,"jetpack_social_options":{"image_generator_settings":{"template":"highway","default_image_id":0,"enabled":false},"version":2}},"categories":[8,1,2,7,3],"tags":[7656],"class_list":["post-20713","post","type-post","status-publish","format-standard","has-post-thumbnail","hentry","category-deliberando","category-diario-armstrong","category-locales","category-politica","category-region","tag-la-educacion-es-una-prioridad-para-el-gobierno-de-santa-fe"],"jetpack_publicize_connections":[],"jetpack_featured_media_url":"https:\/\/armstrongyregion.com.ar\/diario\/wp-content\/uploads\/2019\/03\/inicio19-.jpg","jetpack_shortlink":"https:\/\/wp.me\/p62QDO-5o5","jetpack_sharing_enabled":true,"amp_enabled":true,"_links":{"self":[{"href":"https:\/\/armstrongyregion.com.ar\/diario\/wp-json\/wp\/v2\/posts\/20713","targetHints":{"allow":["GET"]}}],"collection":[{"href":"https:\/\/armstrongyregion.com.ar\/diario\/wp-json\/wp\/v2\/posts"}],"about":[{"href":"https:\/\/armstrongyregion.com.ar\/diario\/wp-json\/wp\/v2\/types\/post"}],"author":[{"embeddable":true,"href":"https:\/\/armstrongyregion.com.ar\/diario\/wp-json\/wp\/v2\/users\/1"}],"replies":[{"embeddable":true,"href":"https:\/\/armstrongyregion.com.ar\/diario\/wp-json\/wp\/v2\/comments?post=20713"}],"version-history":[{"count":0,"href":"https:\/\/armstrongyregion.com.ar\/diario\/wp-json\/wp\/v2\/posts\/20713\/revisions"}],"wp:featuredmedia":[{"embeddable":true,"href":"https:\/\/armstrongyregion.com.ar\/diario\/wp-json\/wp\/v2\/media\/20714"}],"wp:attachment":[{"href":"https:\/\/armstrongyregion.com.ar\/diario\/wp-json\/wp\/v2\/media?parent=20713"}],"wp:term":[{"taxonomy":"category","embeddable":true,"href":"https:\/\/armstrongyregion.com.ar\/diario\/wp-json\/wp\/v2\/categories?post=20713"},{"taxonomy":"post_tag","embeddable":true,"href":"https:\/\/armstrongyregion.com.ar\/diario\/wp-json\/wp\/v2\/tags?post=20713"}],"curies":[{"name":"wp","href":"https:\/\/api.w.org\/{rel}","templated":true}]}}