{"id":2064,"date":"2015-05-08T04:27:32","date_gmt":"2015-05-08T04:27:32","guid":{"rendered":"https:\/\/armstrongyregion.com.ar\/diario\/?p=2064"},"modified":"2015-05-08T04:27:32","modified_gmt":"2015-05-08T04:27:32","slug":"clerici-anuncio-una-nueva-caldera-para-el-matadero-municipal","status":"publish","type":"post","link":"https:\/\/armstrongyregion.com.ar\/diario\/clerici-anuncio-una-nueva-caldera-para-el-matadero-municipal\/","title":{"rendered":"Cl\u00e9rici anunci\u00f3 una nueva caldera para el matadero municipal."},"content":{"rendered":"<p><a href=\"http:\/\/armstrongyregion.com.ar\/diario\/wp-content\/uploads\/2015\/05\/carniceros.jpg\"><img loading=\"lazy\" decoding=\"async\" src=\"http:\/\/armstrongyregion.com.ar\/diario\/wp-content\/uploads\/2015\/05\/carniceros-300x200.jpg\" alt=\"carniceros\" width=\"300\" height=\"200\" class=\"alignnone size-medium wp-image-2065\" srcset=\"https:\/\/armstrongyregion.com.ar\/diario\/wp-content\/uploads\/2015\/05\/carniceros-300x200.jpg 300w, https:\/\/armstrongyregion.com.ar\/diario\/wp-content\/uploads\/2015\/05\/carniceros.jpg 750w\" sizes=\"auto, (max-width: 300px) 100vw, 300px\" \/><\/a>Acompa\u00f1ada de los integrantes de la Cooperativa de Carniceros explic\u00f3<br \/>\nque se env\u00eda al Concejo el convenio suscripto con el Ministerio de<br \/>\nAgricultura. El proyecto demanda una inversi\u00f3n superior a los 400 mil<br \/>\npesos.<\/p>\n<p>La intendenta Stella Cl\u00e9rici anunci\u00f3 junto a integrantes de la<br \/>\nCooperativa de Carniceros la adquisici\u00f3n de una nueva caldera para el<br \/>\nmatadero municipal por una inversi\u00f3n que supera los 400 mil pesos.<br \/>\nCl\u00e9rici remite al Concejo Municipal el convenio suscripto con el<br \/>\nMinisterio de Agricultura quien aportar\u00e1 parte del financiamiento<br \/>\nmientras que el municipio aporta el resto. Luego de esta aprobaci\u00f3n se<br \/>\npedir\u00e1n los presupiuestos para la compra correspondiente.<br \/>\n\u201cDe esta manera cumplimos con una inquietud de los integrantes de la<br \/>\ncooperativa de Carniceros que les permitir\u00e1 trabajar de una mejor manera<br \/>\nen el matadero municipal. Esta es una muestra m\u00e1s de las mejoras que se<br \/>\nobtiene a partir de la articulaci\u00f3n p\u00fablico \u2013privada\u201d, expres\u00f3 la<br \/>\nintendenta.<br \/>\nPor su parte, los carniceros solicitaron la r\u00e1pida aprobaci\u00f3n del<br \/>\nConcejo para que no se demore la instalaci\u00f3n de este nuevo equipamiento<br \/>\nque incrementar\u00e1 la actividad del matadero, optimizar\u00e1 recursos y podr\u00e1<br \/>\nincorporar al faenado nuevos animales, accediendo a nuevos mercados.<\/p>\n","protected":false},"excerpt":{"rendered":"<p>Acompa\u00f1ada de los integrantes de la Cooperativa de Carniceros explic\u00f3 que se env\u00eda al Concejo el convenio suscripto con el Ministerio de Agricultura. El proyecto demanda una inversi\u00f3n superior a los 400 mil pesos. La intendenta Stella Cl\u00e9rici anunci\u00f3 junto a integrantes de la Cooperativa de Carniceros la adquisici\u00f3n de una nueva caldera para el <a href=\"https:\/\/armstrongyregion.com.ar\/diario\/clerici-anuncio-una-nueva-caldera-para-el-matadero-municipal\/\" title=\"Read more\" >&#8230;<\/a><\/p>\n","protected":false},"author":2,"featured_media":2065,"comment_status":"open","ping_status":"open","sticky":false,"template":"","format":"standard","meta":{"_jetpack_memberships_contains_paid_content":false,"footnotes":"","jetpack_publicize_message":"","jetpack_publicize_feature_enabled":true,"jetpack_social_post_already_shared":false,"jetpack_social_options":{"image_generator_settings":{"template":"highway","default_image_id":0,"enabled":false},"version":2}},"categories":[1,3],"tags":[835,1643,83,16,1644,524,275,81,103],"class_list":["post-2064","post","type-post","status-publish","format-standard","has-post-thumbnail","hentry","category-diario-armstrong","category-region","tag-anuncio","tag-caldera","tag-clerici","tag-el","tag-matadero","tag-municipal","tag-nueva","tag-para","tag-una"],"jetpack_publicize_connections":[],"jetpack_featured_media_url":"https:\/\/armstrongyregion.com.ar\/diario\/wp-content\/uploads\/2015\/05\/carniceros.jpg","jetpack_shortlink":"https:\/\/wp.me\/p62QDO-xi","jetpack_sharing_enabled":true,"amp_enabled":true,"_links":{"self":[{"href":"https:\/\/armstrongyregion.com.ar\/diario\/wp-json\/wp\/v2\/posts\/2064","targetHints":{"allow":["GET"]}}],"collection":[{"href":"https:\/\/armstrongyregion.com.ar\/diario\/wp-json\/wp\/v2\/posts"}],"about":[{"href":"https:\/\/armstrongyregion.com.ar\/diario\/wp-json\/wp\/v2\/types\/post"}],"author":[{"embeddable":true,"href":"https:\/\/armstrongyregion.com.ar\/diario\/wp-json\/wp\/v2\/users\/2"}],"replies":[{"embeddable":true,"href":"https:\/\/armstrongyregion.com.ar\/diario\/wp-json\/wp\/v2\/comments?post=2064"}],"version-history":[{"count":0,"href":"https:\/\/armstrongyregion.com.ar\/diario\/wp-json\/wp\/v2\/posts\/2064\/revisions"}],"wp:featuredmedia":[{"embeddable":true,"href":"https:\/\/armstrongyregion.com.ar\/diario\/wp-json\/wp\/v2\/media\/2065"}],"wp:attachment":[{"href":"https:\/\/armstrongyregion.com.ar\/diario\/wp-json\/wp\/v2\/media?parent=2064"}],"wp:term":[{"taxonomy":"category","embeddable":true,"href":"https:\/\/armstrongyregion.com.ar\/diario\/wp-json\/wp\/v2\/categories?post=2064"},{"taxonomy":"post_tag","embeddable":true,"href":"https:\/\/armstrongyregion.com.ar\/diario\/wp-json\/wp\/v2\/tags?post=2064"}],"curies":[{"name":"wp","href":"https:\/\/api.w.org\/{rel}","templated":true}]}}