{"id":20609,"date":"2019-03-06T16:24:23","date_gmt":"2019-03-06T16:24:23","guid":{"rendered":"https:\/\/armstrongyregion.com.ar\/diario\/?p=20609"},"modified":"2019-03-06T16:24:23","modified_gmt":"2019-03-06T16:24:23","slug":"cogno-recibio-al-senador-perotti-quien-visito-canada-de-gomez","status":"publish","type":"post","link":"https:\/\/armstrongyregion.com.ar\/diario\/cogno-recibio-al-senador-perotti-quien-visito-canada-de-gomez\/","title":{"rendered":"Cogno recibio al Senador Perotti quien visit\u00f3 Ca\u00f1ada de G\u00f3mez."},"content":{"rendered":"<p style=\"font-weight: 400;\"><a href=\"http:\/\/armstrongyregion.com.ar\/diario\/wp-content\/uploads\/2019\/03\/Cogno-Perotti-.jpeg\"><img loading=\"lazy\" decoding=\"async\" class=\"alignnone size-full wp-image-20610\" src=\"http:\/\/armstrongyregion.com.ar\/diario\/wp-content\/uploads\/2019\/03\/Cogno-Perotti-.jpeg\" alt=\"Cogno-Perotti-\" width=\"768\" height=\"512\" srcset=\"https:\/\/armstrongyregion.com.ar\/diario\/wp-content\/uploads\/2019\/03\/Cogno-Perotti-.jpeg 768w, https:\/\/armstrongyregion.com.ar\/diario\/wp-content\/uploads\/2019\/03\/Cogno-Perotti--300x200.jpeg 300w\" sizes=\"auto, (max-width: 768px) 100vw, 768px\" \/><\/a>En primer turno se reunieron en el municipio para avanzar en una agenda de trabajo para el desarrollo local y posteriormente participaron de los festejos de carnaval.<\/p>\n<p style=\"font-weight: 400;\">\u00a0El secretario de la Producci\u00f3n Marcelo Cogno recibi\u00f3 al senador nacional Omar Perotti en el marco del cierre de los festejos de carnaval, para previamente dialogar en torno a los ejes de una agenda de trabajo que articule los ejes de producci\u00f3n y cultura para el desarrollo local.<\/p>\n<p style=\"font-weight: 400;\">En este sentido Perotti enfatiz\u00f3 en la capacidad de generar riquezas potenciando diferentes sectores de la econom\u00eda provincial, mientras que Cogno resalt\u00f3 la experiencia local en lo productivo a trav\u00e9s de Fudeca y los parques industriales y la articulaci\u00f3n en el departamento con el eje cultural. \u201cAcompa\u00f1amos a los ca\u00f1adenses d\u00eda a d\u00eda en sus proyectos y sus trabajos para que la ciudad siga siendo polo productivo, apostando tambi\u00e9n a eventos como Las Tres Lunas y Ca\u00f1ada de Carnaval que se hacen posible gracias al talento y labor de vecinos e instituciones, para que la ciudad siga siendo polo cultural en la regi\u00f3n\u201d, expres\u00f3 Cogno.<\/p>\n<p style=\"font-weight: 400;\">Finalmente, durante la recorrida por \u201cCa\u00f1ada de Carnaval\u201d Perotti expres\u00f3 \u201clos carnavales en cada localidad de nuestra provincia nos ayudan a sonre\u00edr, disfrutar y compartir. Se siente la energ\u00eda de los santafesinos, se siente que cuando estamos juntos, somos gigantes\u201d.<\/p>\n","protected":false},"excerpt":{"rendered":"<p>En primer turno se reunieron en el municipio para avanzar en una agenda de trabajo para el desarrollo local y posteriormente participaron de los festejos de carnaval. \u00a0El secretario de la Producci\u00f3n Marcelo Cogno recibi\u00f3 al senador nacional Omar Perotti en el marco del cierre de los festejos de carnaval, para previamente dialogar en torno <a href=\"https:\/\/armstrongyregion.com.ar\/diario\/cogno-recibio-al-senador-perotti-quien-visito-canada-de-gomez\/\" title=\"Read more\" >&#8230;<\/a><\/p>\n","protected":false},"author":1,"featured_media":20610,"comment_status":"open","ping_status":"open","sticky":false,"template":"","format":"standard","meta":{"_jetpack_memberships_contains_paid_content":false,"footnotes":"","jetpack_publicize_message":"","jetpack_publicize_feature_enabled":true,"jetpack_social_post_already_shared":false,"jetpack_social_options":{"image_generator_settings":{"template":"highway","default_image_id":0,"enabled":false},"version":2}},"categories":[8,1,7,3],"tags":[7634],"class_list":["post-20609","post","type-post","status-publish","format-standard","has-post-thumbnail","hentry","category-deliberando","category-diario-armstrong","category-politica","category-region","tag-cogno-recibio-al-senador-perotti-quien-visito-canada-de-gomez"],"jetpack_publicize_connections":[],"jetpack_featured_media_url":"https:\/\/armstrongyregion.com.ar\/diario\/wp-content\/uploads\/2019\/03\/Cogno-Perotti-.jpeg","jetpack_shortlink":"https:\/\/wp.me\/p62QDO-5mp","jetpack_sharing_enabled":true,"amp_enabled":true,"_links":{"self":[{"href":"https:\/\/armstrongyregion.com.ar\/diario\/wp-json\/wp\/v2\/posts\/20609","targetHints":{"allow":["GET"]}}],"collection":[{"href":"https:\/\/armstrongyregion.com.ar\/diario\/wp-json\/wp\/v2\/posts"}],"about":[{"href":"https:\/\/armstrongyregion.com.ar\/diario\/wp-json\/wp\/v2\/types\/post"}],"author":[{"embeddable":true,"href":"https:\/\/armstrongyregion.com.ar\/diario\/wp-json\/wp\/v2\/users\/1"}],"replies":[{"embeddable":true,"href":"https:\/\/armstrongyregion.com.ar\/diario\/wp-json\/wp\/v2\/comments?post=20609"}],"version-history":[{"count":0,"href":"https:\/\/armstrongyregion.com.ar\/diario\/wp-json\/wp\/v2\/posts\/20609\/revisions"}],"wp:featuredmedia":[{"embeddable":true,"href":"https:\/\/armstrongyregion.com.ar\/diario\/wp-json\/wp\/v2\/media\/20610"}],"wp:attachment":[{"href":"https:\/\/armstrongyregion.com.ar\/diario\/wp-json\/wp\/v2\/media?parent=20609"}],"wp:term":[{"taxonomy":"category","embeddable":true,"href":"https:\/\/armstrongyregion.com.ar\/diario\/wp-json\/wp\/v2\/categories?post=20609"},{"taxonomy":"post_tag","embeddable":true,"href":"https:\/\/armstrongyregion.com.ar\/diario\/wp-json\/wp\/v2\/tags?post=20609"}],"curies":[{"name":"wp","href":"https:\/\/api.w.org\/{rel}","templated":true}]}}