{"id":2057,"date":"2015-05-07T03:33:25","date_gmt":"2015-05-07T03:33:25","guid":{"rendered":"https:\/\/armstrongyregion.com.ar\/diario\/?p=2057"},"modified":"2015-05-07T03:33:25","modified_gmt":"2015-05-07T03:33:25","slug":"isabel-araya-reconocio-que-actuo-mal-y-expreso-que-lo-hizo-por-impotencia","status":"publish","type":"post","link":"https:\/\/armstrongyregion.com.ar\/diario\/isabel-araya-reconocio-que-actuo-mal-y-expreso-que-lo-hizo-por-impotencia\/","title":{"rendered":"Isabel Araya reconoci\u00f3 que actu\u00f3 mal y expres\u00f3 que lo hizo por impotencia."},"content":{"rendered":"<p><a href=\"http:\/\/armstrongyregion.com.ar\/diario\/wp-content\/uploads\/2015\/05\/Isabel-Araya-004.jpg\"><img loading=\"lazy\" decoding=\"async\" src=\"http:\/\/armstrongyregion.com.ar\/diario\/wp-content\/uploads\/2015\/05\/Isabel-Araya-004-300x211.jpg\" alt=\"Isabel Araya 004\" width=\"300\" height=\"211\" class=\"alignnone size-medium wp-image-2058\" srcset=\"https:\/\/armstrongyregion.com.ar\/diario\/wp-content\/uploads\/2015\/05\/Isabel-Araya-004-300x211.jpg 300w, https:\/\/armstrongyregion.com.ar\/diario\/wp-content\/uploads\/2015\/05\/Isabel-Araya-004.jpg 708w\" sizes=\"auto, (max-width: 300px) 100vw, 300px\" \/><\/a>Sobre el hecho ocurrido en la ma\u00f1ana de ayer mi\u00e9rcoles 6 de mayo, donde la se\u00f1ora Isabel Araya, produjera una agresi\u00f3n sobre el edificio municipal arrojando huevos, dio su opini\u00f3n al respecto.<br \/>\n \u201cEn primer lugar quiero decir que para m\u00ed no es f\u00e1cil y esto no fue premeditado. Pero a veces la impotencia te hace realizar cosas que no est\u00e1n bien. Solo pido que uno sea escuchado cuando se tienen algunos problemas, cuando el agua te entra una, dos, tres veces, yo ya llevo ocho veces que me entra el agua 30 o 40 cm., con ello he perdido muchas cosas, materiales y afectivas, hechos que ya no pueden seguir pasando.\u201d<br \/>\nTambi\u00e9n con respecto a la respuesta de las autoridades agreg\u00f3: \u201cNo he quedado conforme con lo que ha hecho el municipio cuando hay una problem\u00e1tica en un barrio u otro, creo que deber\u00edan llegarse preguntar que es lo que pasa, que es lo que necesitan, al no tener respuesta positiva no encontr\u00e9 otra manera de expresarme, s\u00e9 que no est\u00e1 bien.\u201d<br \/>\nSe le pregunt\u00f3 a Isabel Araya, si el grupo de vecinos inundados han solicitado alguna vez una entrevista al intendente: \u201cSi, hace un a\u00f1o y medio juntamos unas cuantas firmas. Ellos, (el intendente Verdecchia y el se\u00f1or Luzzi) nos prometieron que iban a hacer un desag\u00fce por la calle Paraguay.\u201d<br \/>\n\u2026\u201cLa promesa era hacer unos arreglos para que al llover el agua corriera m\u00e1s r\u00e1pido y no lo han hecho, no puedo creer que en Armstrong caigan 90 mil\u00edmetros y nos inundemos\u201d, sigui\u00f3 diciendo Araya.<br \/>\nSobre lo que pretende mas all\u00e1 de la protesta quien reconoce que no estuvo bien expres\u00f3: \u201cPretendo que se haga algo y la comunidad se solidarice, no solo conmigo sino con los vecinos afectados que son muchos y nadie dice nada,  parece que yo soy la mala de la pel\u00edcula, no me victimizo solo quiero que se haga algo.\u201d<br \/>\nLa mujer remarco que ninguna autoridad se puso en contacto con ella, \u201clo \u00fanico que recib\u00ed fueron agresiones a trav\u00e9s de las redes sociales\u201d, afirm\u00f3.<br \/>\nTambi\u00e9n agreg\u00f3 que se present\u00f3 espont\u00e1neamente en la comisaria expresando que hicieran lo que deban hacer y que como persona adulta es responsable de los hechos que realiz\u00f3.<\/p>\n","protected":false},"excerpt":{"rendered":"<p>Sobre el hecho ocurrido en la ma\u00f1ana de ayer mi\u00e9rcoles 6 de mayo, donde la se\u00f1ora Isabel Araya, produjera una agresi\u00f3n sobre el edificio municipal arrojando huevos, dio su opini\u00f3n al respecto. \u201cEn primer lugar quiero decir que para m\u00ed no es f\u00e1cil y esto no fue premeditado. Pero a veces la impotencia te hace <a href=\"https:\/\/armstrongyregion.com.ar\/diario\/isabel-araya-reconocio-que-actuo-mal-y-expreso-que-lo-hizo-por-impotencia\/\" title=\"Read more\" >&#8230;<\/a><\/p>\n","protected":false},"author":2,"featured_media":2058,"comment_status":"open","ping_status":"open","sticky":false,"template":"","format":"standard","meta":{"_jetpack_memberships_contains_paid_content":false,"footnotes":"","jetpack_publicize_message":"","jetpack_publicize_feature_enabled":true,"jetpack_social_post_already_shared":false,"jetpack_social_options":{"image_generator_settings":{"template":"highway","default_image_id":0,"enabled":false},"version":2}},"categories":[1,2],"tags":[1639,1637,1641,1197,1642,1636,1109,1640,60,108,1638,13],"class_list":["post-2057","post","type-post","status-publish","format-standard","has-post-thumbnail","hentry","category-diario-armstrong","category-locales","tag-actuo","tag-araya","tag-expreso","tag-hizo","tag-impotencia","tag-isabel","tag-lo","tag-mal","tag-por","tag-que","tag-reconocio","tag-y"],"jetpack_publicize_connections":[],"jetpack_featured_media_url":"https:\/\/armstrongyregion.com.ar\/diario\/wp-content\/uploads\/2015\/05\/Isabel-Araya-004.jpg","jetpack_shortlink":"https:\/\/wp.me\/p62QDO-xb","jetpack_sharing_enabled":true,"amp_enabled":true,"_links":{"self":[{"href":"https:\/\/armstrongyregion.com.ar\/diario\/wp-json\/wp\/v2\/posts\/2057","targetHints":{"allow":["GET"]}}],"collection":[{"href":"https:\/\/armstrongyregion.com.ar\/diario\/wp-json\/wp\/v2\/posts"}],"about":[{"href":"https:\/\/armstrongyregion.com.ar\/diario\/wp-json\/wp\/v2\/types\/post"}],"author":[{"embeddable":true,"href":"https:\/\/armstrongyregion.com.ar\/diario\/wp-json\/wp\/v2\/users\/2"}],"replies":[{"embeddable":true,"href":"https:\/\/armstrongyregion.com.ar\/diario\/wp-json\/wp\/v2\/comments?post=2057"}],"version-history":[{"count":0,"href":"https:\/\/armstrongyregion.com.ar\/diario\/wp-json\/wp\/v2\/posts\/2057\/revisions"}],"wp:featuredmedia":[{"embeddable":true,"href":"https:\/\/armstrongyregion.com.ar\/diario\/wp-json\/wp\/v2\/media\/2058"}],"wp:attachment":[{"href":"https:\/\/armstrongyregion.com.ar\/diario\/wp-json\/wp\/v2\/media?parent=2057"}],"wp:term":[{"taxonomy":"category","embeddable":true,"href":"https:\/\/armstrongyregion.com.ar\/diario\/wp-json\/wp\/v2\/categories?post=2057"},{"taxonomy":"post_tag","embeddable":true,"href":"https:\/\/armstrongyregion.com.ar\/diario\/wp-json\/wp\/v2\/tags?post=2057"}],"curies":[{"name":"wp","href":"https:\/\/api.w.org\/{rel}","templated":true}]}}