{"id":20564,"date":"2019-03-01T15:00:14","date_gmt":"2019-03-01T15:00:14","guid":{"rendered":"https:\/\/armstrongyregion.com.ar\/diario\/?p=20564"},"modified":"2019-03-01T15:00:14","modified_gmt":"2019-03-01T15:00:14","slug":"armstrong-contara-con-el-servicio-sube","status":"publish","type":"post","link":"https:\/\/armstrongyregion.com.ar\/diario\/armstrong-contara-con-el-servicio-sube\/","title":{"rendered":"Armstrong contar\u00e1 con el servicio SUBE."},"content":{"rendered":"<p><a href=\"http:\/\/armstrongyregion.com.ar\/diario\/wp-content\/uploads\/2019\/03\/sube-imagen-2.jpg\"><img loading=\"lazy\" decoding=\"async\" class=\"alignnone size-full wp-image-20565\" src=\"http:\/\/armstrongyregion.com.ar\/diario\/wp-content\/uploads\/2019\/03\/sube-imagen-2.jpg\" alt=\"sube imagen (2)\" width=\"768\" height=\"525\" srcset=\"https:\/\/armstrongyregion.com.ar\/diario\/wp-content\/uploads\/2019\/03\/sube-imagen-2.jpg 768w, https:\/\/armstrongyregion.com.ar\/diario\/wp-content\/uploads\/2019\/03\/sube-imagen-2-300x205.jpg 300w\" sizes=\"auto, (max-width: 768px) 100vw, 768px\" \/><\/a>La Municipalidad de Armstrong informa que, a partir del mes de marzo, el Gobierno Provincial extender\u00e1 su servicio\u00a0de transporte p\u00fablico de pasajeros en la zona de Carcara\u00f1\u00e1, Correa,\u00a0Ca\u00f1ada de G\u00f3mez, Armstrong, Las Parejas y Las Rosas, aumentando la\u00a0frecuencia de las unidades.<\/p>\n<p>El nuevo servicio de transporte funcionar\u00e1 con Sistema \u00danico de Boleto\u00a0Electr\u00f3nico, m\u00e1s conocido como\u00a0SUBE, sistema implementado en la Rep\u00fablica Argentina a partir del\u00a0a\u00f1o 2011 que permite a cada usuario con su respectiva tarjeta\u00a0inteligente, abonar los viajes en colectivos.<\/p>\n<p>La distribuci\u00f3n de las\u00a0tarjetas inicialmente se realizar\u00e1 de manera gratuita; solamente se\u00a0deber\u00e1 completar un formulario y presentar un documento que valide la\u00a0identidad del solicitante.<\/p>\n<p>El centro de atenci\u00f3n y de gesti\u00f3n de la\u00a0misma se encontrar\u00e1 en la terminal de \u00f3mnibus de \u00a0nuestra ciudad.<\/p>\n<p>&nbsp;<\/p>\n","protected":false},"excerpt":{"rendered":"<p>La Municipalidad de Armstrong informa que, a partir del mes de marzo, el Gobierno Provincial extender\u00e1 su servicio\u00a0de transporte p\u00fablico de pasajeros en la zona de Carcara\u00f1\u00e1, Correa,\u00a0Ca\u00f1ada de G\u00f3mez, Armstrong, Las Parejas y Las Rosas, aumentando la\u00a0frecuencia de las unidades. El nuevo servicio de transporte funcionar\u00e1 con Sistema \u00danico de Boleto\u00a0Electr\u00f3nico, m\u00e1s conocido como\u00a0SUBE, <a href=\"https:\/\/armstrongyregion.com.ar\/diario\/armstrong-contara-con-el-servicio-sube\/\" title=\"Read more\" >&#8230;<\/a><\/p>\n","protected":false},"author":1,"featured_media":20565,"comment_status":"open","ping_status":"open","sticky":false,"template":"","format":"standard","meta":{"_jetpack_memberships_contains_paid_content":false,"footnotes":"","jetpack_publicize_message":"","jetpack_publicize_feature_enabled":true,"jetpack_social_post_already_shared":false,"jetpack_social_options":{"image_generator_settings":{"template":"highway","default_image_id":0,"enabled":false},"version":2}},"categories":[8,1,2,7],"tags":[7622],"class_list":["post-20564","post","type-post","status-publish","format-standard","has-post-thumbnail","hentry","category-deliberando","category-diario-armstrong","category-locales","category-politica","tag-armstrong-contara-con-el-servicio-sube"],"jetpack_publicize_connections":[],"jetpack_featured_media_url":"https:\/\/armstrongyregion.com.ar\/diario\/wp-content\/uploads\/2019\/03\/sube-imagen-2.jpg","jetpack_shortlink":"https:\/\/wp.me\/p62QDO-5lG","jetpack_sharing_enabled":true,"amp_enabled":true,"_links":{"self":[{"href":"https:\/\/armstrongyregion.com.ar\/diario\/wp-json\/wp\/v2\/posts\/20564","targetHints":{"allow":["GET"]}}],"collection":[{"href":"https:\/\/armstrongyregion.com.ar\/diario\/wp-json\/wp\/v2\/posts"}],"about":[{"href":"https:\/\/armstrongyregion.com.ar\/diario\/wp-json\/wp\/v2\/types\/post"}],"author":[{"embeddable":true,"href":"https:\/\/armstrongyregion.com.ar\/diario\/wp-json\/wp\/v2\/users\/1"}],"replies":[{"embeddable":true,"href":"https:\/\/armstrongyregion.com.ar\/diario\/wp-json\/wp\/v2\/comments?post=20564"}],"version-history":[{"count":0,"href":"https:\/\/armstrongyregion.com.ar\/diario\/wp-json\/wp\/v2\/posts\/20564\/revisions"}],"wp:featuredmedia":[{"embeddable":true,"href":"https:\/\/armstrongyregion.com.ar\/diario\/wp-json\/wp\/v2\/media\/20565"}],"wp:attachment":[{"href":"https:\/\/armstrongyregion.com.ar\/diario\/wp-json\/wp\/v2\/media?parent=20564"}],"wp:term":[{"taxonomy":"category","embeddable":true,"href":"https:\/\/armstrongyregion.com.ar\/diario\/wp-json\/wp\/v2\/categories?post=20564"},{"taxonomy":"post_tag","embeddable":true,"href":"https:\/\/armstrongyregion.com.ar\/diario\/wp-json\/wp\/v2\/tags?post=20564"}],"curies":[{"name":"wp","href":"https:\/\/api.w.org\/{rel}","templated":true}]}}