{"id":20555,"date":"2019-03-01T11:55:21","date_gmt":"2019-03-01T11:55:21","guid":{"rendered":"https:\/\/armstrongyregion.com.ar\/diario\/?p=20555"},"modified":"2019-03-01T11:55:21","modified_gmt":"2019-03-01T11:55:21","slug":"clerici-inauguro-obras-en-el-cef-junto-a-la-ministra-de-educacion","status":"publish","type":"post","link":"https:\/\/armstrongyregion.com.ar\/diario\/clerici-inauguro-obras-en-el-cef-junto-a-la-ministra-de-educacion\/","title":{"rendered":"Cl\u00e9rici inaugur\u00f3 obras en el CEF junto a la Ministra de Educaci\u00f3n."},"content":{"rendered":"<p style=\"font-weight: 400;\"><a href=\"http:\/\/armstrongyregion.com.ar\/diario\/wp-content\/uploads\/2019\/03\/Clerice-balague-.jpeg\"><img loading=\"lazy\" decoding=\"async\" class=\"alignnone size-full wp-image-20556\" src=\"http:\/\/armstrongyregion.com.ar\/diario\/wp-content\/uploads\/2019\/03\/Clerice-balague-.jpeg\" alt=\"Clerice-balague-\" width=\"768\" height=\"567\" srcset=\"https:\/\/armstrongyregion.com.ar\/diario\/wp-content\/uploads\/2019\/03\/Clerice-balague-.jpeg 768w, https:\/\/armstrongyregion.com.ar\/diario\/wp-content\/uploads\/2019\/03\/Clerice-balague--300x221.jpeg 300w\" sizes=\"auto, (max-width: 768px) 100vw, 768px\" \/><\/a>A partir de la articulaci\u00f3n entre la instituci\u00f3n, municipalidad y provincia se realiz\u00f3 la reparaci\u00f3n de cubierta de techo complementado con instalaci\u00f3n el\u00e9ctrica, luminarias led y pintura interior, paredes y piso y renovaci\u00f3n de a fachada.<\/p>\n<p style=\"font-weight: 400;\">\u00a0La intendenta Stella Cl\u00e9rici junto a la ministra de Educaci\u00f3n Claudia Balagu\u00e9 y autoridades de la instituci\u00f3n inauguraron las obras de refacci\u00f3n y remodelaci\u00f3n en el Centro de Educaci\u00f3n F\u00edsica N\u00b0 16, que incluy\u00f3 arreglo total de cubierta de techos, fachada y trabajos complementarios.<\/p>\n<p style=\"font-weight: 400;\">Con el aporte de fondos del gobierno provincial y participaci\u00f3n de la municipalidad en la ejecuci\u00f3n de la obra, con el remanente de la reparaci\u00f3n de cubierta de techo, se llevaron adelante mejoras en la instalaci\u00f3n el\u00e9ctrica, compra de luminarias led y pintura interior, paredes y piso. \u00abEs una obra sumamente importante para la comunidad educativa de la ciudad y se hizo realidad a partir de la articulaci\u00f3n entre la instituci\u00f3n, municipalidad y provincia\u00bb, destac\u00f3 Cl\u00e9rici.<\/p>\n","protected":false},"excerpt":{"rendered":"<p>A partir de la articulaci\u00f3n entre la instituci\u00f3n, municipalidad y provincia se realiz\u00f3 la reparaci\u00f3n de cubierta de techo complementado con instalaci\u00f3n el\u00e9ctrica, luminarias led y pintura interior, paredes y piso y renovaci\u00f3n de a fachada. \u00a0La intendenta Stella Cl\u00e9rici junto a la ministra de Educaci\u00f3n Claudia Balagu\u00e9 y autoridades de la instituci\u00f3n inauguraron las <a href=\"https:\/\/armstrongyregion.com.ar\/diario\/clerici-inauguro-obras-en-el-cef-junto-a-la-ministra-de-educacion\/\" title=\"Read more\" >&#8230;<\/a><\/p>\n","protected":false},"author":1,"featured_media":20556,"comment_status":"open","ping_status":"open","sticky":false,"template":"","format":"standard","meta":{"_jetpack_memberships_contains_paid_content":false,"footnotes":"","jetpack_publicize_message":"","jetpack_publicize_feature_enabled":true,"jetpack_social_post_already_shared":false,"jetpack_social_options":{"image_generator_settings":{"template":"highway","default_image_id":0,"enabled":false},"version":2}},"categories":[8,1,7,3],"tags":[7619],"class_list":["post-20555","post","type-post","status-publish","format-standard","has-post-thumbnail","hentry","category-deliberando","category-diario-armstrong","category-politica","category-region","tag-clerici-inauguro-obras-en-el-cef-junto-a-la-ministra-de-educacion"],"jetpack_publicize_connections":[],"jetpack_featured_media_url":"https:\/\/armstrongyregion.com.ar\/diario\/wp-content\/uploads\/2019\/03\/Clerice-balague-.jpeg","jetpack_shortlink":"https:\/\/wp.me\/p62QDO-5lx","jetpack_sharing_enabled":true,"amp_enabled":true,"_links":{"self":[{"href":"https:\/\/armstrongyregion.com.ar\/diario\/wp-json\/wp\/v2\/posts\/20555","targetHints":{"allow":["GET"]}}],"collection":[{"href":"https:\/\/armstrongyregion.com.ar\/diario\/wp-json\/wp\/v2\/posts"}],"about":[{"href":"https:\/\/armstrongyregion.com.ar\/diario\/wp-json\/wp\/v2\/types\/post"}],"author":[{"embeddable":true,"href":"https:\/\/armstrongyregion.com.ar\/diario\/wp-json\/wp\/v2\/users\/1"}],"replies":[{"embeddable":true,"href":"https:\/\/armstrongyregion.com.ar\/diario\/wp-json\/wp\/v2\/comments?post=20555"}],"version-history":[{"count":0,"href":"https:\/\/armstrongyregion.com.ar\/diario\/wp-json\/wp\/v2\/posts\/20555\/revisions"}],"wp:featuredmedia":[{"embeddable":true,"href":"https:\/\/armstrongyregion.com.ar\/diario\/wp-json\/wp\/v2\/media\/20556"}],"wp:attachment":[{"href":"https:\/\/armstrongyregion.com.ar\/diario\/wp-json\/wp\/v2\/media?parent=20555"}],"wp:term":[{"taxonomy":"category","embeddable":true,"href":"https:\/\/armstrongyregion.com.ar\/diario\/wp-json\/wp\/v2\/categories?post=20555"},{"taxonomy":"post_tag","embeddable":true,"href":"https:\/\/armstrongyregion.com.ar\/diario\/wp-json\/wp\/v2\/tags?post=20555"}],"curies":[{"name":"wp","href":"https:\/\/api.w.org\/{rel}","templated":true}]}}