{"id":20532,"date":"2019-02-28T13:41:57","date_gmt":"2019-02-28T13:41:57","guid":{"rendered":"https:\/\/armstrongyregion.com.ar\/diario\/?p=20532"},"modified":"2019-02-28T13:41:57","modified_gmt":"2019-02-28T13:41:57","slug":"paro-docente-la-provincia-no-pedira-la-conciliacion-obligatoria-y-apuesta-al-dialogo","status":"publish","type":"post","link":"https:\/\/armstrongyregion.com.ar\/diario\/paro-docente-la-provincia-no-pedira-la-conciliacion-obligatoria-y-apuesta-al-dialogo\/","title":{"rendered":"Paro docente: la Provincia no pedir\u00e1 la conciliaci\u00f3n obligatoria y apuesta al di\u00e1logo."},"content":{"rendered":"<p><a href=\"http:\/\/armstrongyregion.com.ar\/diario\/wp-content\/uploads\/2019\/02\/paritaria_docente.jpg_1305449671.jpg\"><img loading=\"lazy\" decoding=\"async\" class=\"alignnone size-full wp-image-20533\" src=\"http:\/\/armstrongyregion.com.ar\/diario\/wp-content\/uploads\/2019\/02\/paritaria_docente.jpg_1305449671.jpg\" alt=\"paritaria_docente.jpg_1305449671\" width=\"847\" height=\"476\" srcset=\"https:\/\/armstrongyregion.com.ar\/diario\/wp-content\/uploads\/2019\/02\/paritaria_docente.jpg_1305449671.jpg 847w, https:\/\/armstrongyregion.com.ar\/diario\/wp-content\/uploads\/2019\/02\/paritaria_docente.jpg_1305449671-300x169.jpg 300w\" sizes=\"auto, (max-width: 847px) 100vw, 847px\" \/><\/a>Aunque el gobierno santafesino ve con malos ojos la medida de fuerza que retrasa el inicio lectivo, no pedir\u00e1 la intervenci\u00f3n del Ministerio de Trabajo.<\/p>\n<p>Este mi\u00e9rcoles los docentes santafesinos confirmaron un paro de 48 horas para mi\u00e9rcoles y jueves de la semana pr\u00f3xima, lo que significa que\u00a0<strong>las clases no comenzar\u00e1n como estaba previsto<\/strong>. Adem\u00e1s, como el viernes es el Paro de Mujeres, y los maestros adhieren, el ciclo lectivo reci\u00e9n comenzar\u00e1 el lunes 11.<strong>\u00a0Pero desde el gobierno<\/strong>, pese a que\u00a0<a href=\"https:\/\/www.rosario3.com\/noticias\/Es-lamentable-la-ministra-de-Educacion-critico-el-paro-docente-20190227-0044.html\" target=\"_blank\">la ministra de Educaci\u00f3n Claudia Balagu\u00e9 calific\u00f3 la decisi\u00f3n de \u201clamentable\u201d<\/a>,<strong>\u00a0no pierden la esperanza de encauzar la discusi\u00f3n. El ministro de Gobierno Pablo Far\u00edas dijo que no se pedir\u00e1 la conciliaci\u00f3n obligatoria.<\/strong><\/p>\n<p>\u201cVamos a apostar al di\u00e1logo\u201d, dijo Far\u00edas, en contacto con\u00a0<em>A diario<\/em>, el programa que conduce Alberto Lotuf por Radio 2. El ministro dijo que \u201c<strong>la conciliaci\u00f3n obligatoria no est\u00e1 prevista como mecanismo<\/strong>\u201d y se quej\u00f3 de que los gremios no valoren los esfuerzos de la Casa Gris para, ya no solo mantener la herramienta de actualizaci\u00f3n por inflaci\u00f3n, sino abrir la discusi\u00f3n salarial desde el vamos, algo que \u2013llam\u00f3 la atenci\u00f3n\u2013 el gobierno nacional obtur\u00f3.<\/p>\n<p>\u201cPareciera que para las entidades sindicales es todo lo mismo\u201d, critic\u00f3.<\/p>\n<p>Con todo, insisti\u00f3 con que el gobierno siempre est\u00e1 dispuesto al di\u00e1logo.<\/p>\n<p><a href=\"https:\/\/www.rosario3.com\/noticias\/Docentes-confirmaron-el-paro-y-las-clases-no-arrancan-el-6-20190227-0037.html\" target=\"_blank\">La asamblea provincial del gremio Amsaf\u00e9, que concluy\u00f3 este mi\u00e9rcoles, fue contundente a la hora de la votaci\u00f3n<\/a>: sobre m\u00e1s de 30.100 sufragios,\u00a0casi 29.800 aprobaron lanzar medidas de fuerza.<\/p>\n<p>Fuente: Rosario3.com<\/p>\n","protected":false},"excerpt":{"rendered":"<p>Aunque el gobierno santafesino ve con malos ojos la medida de fuerza que retrasa el inicio lectivo, no pedir\u00e1 la intervenci\u00f3n del Ministerio de Trabajo. Este mi\u00e9rcoles los docentes santafesinos confirmaron un paro de 48 horas para mi\u00e9rcoles y jueves de la semana pr\u00f3xima, lo que significa que\u00a0las clases no comenzar\u00e1n como estaba previsto. Adem\u00e1s, <a href=\"https:\/\/armstrongyregion.com.ar\/diario\/paro-docente-la-provincia-no-pedira-la-conciliacion-obligatoria-y-apuesta-al-dialogo\/\" title=\"Read more\" >&#8230;<\/a><\/p>\n","protected":false},"author":1,"featured_media":20533,"comment_status":"open","ping_status":"open","sticky":false,"template":"","format":"standard","meta":{"_jetpack_memberships_contains_paid_content":false,"footnotes":"","jetpack_publicize_message":"","jetpack_publicize_feature_enabled":true,"jetpack_social_post_already_shared":false,"jetpack_social_options":{"image_generator_settings":{"template":"highway","default_image_id":0,"enabled":false},"version":2}},"categories":[6,8,1,2,3],"tags":[20,1236,1026,388,13],"class_list":["post-20532","post","type-post","status-publish","format-standard","has-post-thumbnail","hentry","category-cultura-entretenimiento","category-deliberando","category-diario-armstrong","category-locales","category-region","tag-armstrong","tag-docente","tag-paro","tag-region-2","tag-y"],"jetpack_publicize_connections":[],"jetpack_featured_media_url":"https:\/\/armstrongyregion.com.ar\/diario\/wp-content\/uploads\/2019\/02\/paritaria_docente.jpg_1305449671.jpg","jetpack_shortlink":"https:\/\/wp.me\/p62QDO-5la","jetpack_sharing_enabled":true,"amp_enabled":true,"_links":{"self":[{"href":"https:\/\/armstrongyregion.com.ar\/diario\/wp-json\/wp\/v2\/posts\/20532","targetHints":{"allow":["GET"]}}],"collection":[{"href":"https:\/\/armstrongyregion.com.ar\/diario\/wp-json\/wp\/v2\/posts"}],"about":[{"href":"https:\/\/armstrongyregion.com.ar\/diario\/wp-json\/wp\/v2\/types\/post"}],"author":[{"embeddable":true,"href":"https:\/\/armstrongyregion.com.ar\/diario\/wp-json\/wp\/v2\/users\/1"}],"replies":[{"embeddable":true,"href":"https:\/\/armstrongyregion.com.ar\/diario\/wp-json\/wp\/v2\/comments?post=20532"}],"version-history":[{"count":0,"href":"https:\/\/armstrongyregion.com.ar\/diario\/wp-json\/wp\/v2\/posts\/20532\/revisions"}],"wp:featuredmedia":[{"embeddable":true,"href":"https:\/\/armstrongyregion.com.ar\/diario\/wp-json\/wp\/v2\/media\/20533"}],"wp:attachment":[{"href":"https:\/\/armstrongyregion.com.ar\/diario\/wp-json\/wp\/v2\/media?parent=20532"}],"wp:term":[{"taxonomy":"category","embeddable":true,"href":"https:\/\/armstrongyregion.com.ar\/diario\/wp-json\/wp\/v2\/categories?post=20532"},{"taxonomy":"post_tag","embeddable":true,"href":"https:\/\/armstrongyregion.com.ar\/diario\/wp-json\/wp\/v2\/tags?post=20532"}],"curies":[{"name":"wp","href":"https:\/\/api.w.org\/{rel}","templated":true}]}}