{"id":20473,"date":"2019-02-24T01:37:26","date_gmt":"2019-02-24T01:37:26","guid":{"rendered":"https:\/\/armstrongyregion.com.ar\/diario\/?p=20473"},"modified":"2019-02-24T01:37:26","modified_gmt":"2019-02-24T01:37:26","slug":"eempa-de-armstrong-esta-funcionando-en-un-nuevo-edificio","status":"publish","type":"post","link":"https:\/\/armstrongyregion.com.ar\/diario\/eempa-de-armstrong-esta-funcionando-en-un-nuevo-edificio\/","title":{"rendered":"EEMPA  de Armstrong est\u00e1 funcionando en un nuevo edificio."},"content":{"rendered":"<p><a href=\"http:\/\/armstrongyregion.com.ar\/diario\/wp-content\/uploads\/2019\/02\/Pablo-Aris-.jpg\"><img loading=\"lazy\" decoding=\"async\" class=\"alignnone size-full wp-image-20474\" src=\"http:\/\/armstrongyregion.com.ar\/diario\/wp-content\/uploads\/2019\/02\/Pablo-Aris-.jpg\" alt=\"Pablo-Aris-\" width=\"768\" height=\"499\" srcset=\"https:\/\/armstrongyregion.com.ar\/diario\/wp-content\/uploads\/2019\/02\/Pablo-Aris-.jpg 768w, https:\/\/armstrongyregion.com.ar\/diario\/wp-content\/uploads\/2019\/02\/Pablo-Aris--300x195.jpg 300w\" sizes=\"auto, (max-width: 768px) 100vw, 768px\" \/><\/a>El pasado jueves, referentes del EEMPA de Armstrong, \u00a0Pablo Aris (Director Suplente) y Soledad Petetta (Prosecretaria) en dialogo con los medios locales expresaban que: La vecina instituci\u00f3n Escuela N\u00b0 262 les ha cedido dos aulas al EEMPA N\u00b0 1137- Escuela de Educaci\u00f3n para Adultos Nivel Com\u00fan Medio debido a su reconstrucci\u00f3n.<\/p>\n<p>Soledad Petetta, nos informaba: \u201cPara los interesados tenemos un ciclo de \u00a02do y 3er a\u00f1o. Los alumnos de 2do a\u00f1o van a cursar desde marzo a agosto y los de 3er a\u00f1o de agosto a diciembre y el otro curso que hacen 4to y 5to a\u00f1o tambien con esta misma modalidad. De todas formas a todos aquellos interesados les solicitamos se acerquen y evaluamos juntos la situaci\u00f3n de cada uno\u201d.<\/p>\n<p>Luego a\u00f1adi\u00f3: \u201cLos horarios de cursado son de 19,30 a 22,20hs. Dos m\u00f3dulos de 80 minutos cada uno, con un recreo de 10 minutos\u201d.<\/p>\n<p>Pablo Aris remarc\u00f3: \u201cA partir de los 18 a\u00f1os cumplidos al 30 de junio pueden asistir a un EEMPA, y tambi\u00e9n alumnos de 17 a\u00f1os que sean sustento de su familia, por \u00a0temas de salud, a trav\u00e9s de alg\u00fan tipo de informaci\u00f3n el alumno podr\u00e1 ser recibido\u201d.<\/p>\n<p><strong>Los educadores aprovecharon los medios para dejarles un mensaje a todas aquellas personas que no tienen el secundario completo o que nunca se animaron porque son grandes<\/strong>&#8211; \u00a0Aris dijo:<strong> \u201cque se acerquen, los vamos a esperar, les daremos todas las posibilidades que necesiten, se han recibido much\u00edsimas personas de una franca etaria muy amplia, ac\u00e1 los estamos esperando. Ahora no tenemos tel\u00e9fono, por favor ac\u00e9rquense ac\u00e1 a nuestra nueva oficina en el \u00faltimo sal\u00f3n de la Escuela 262 por calle San Martin, pegadito donde se est\u00e1 reconstruyendo la Escuela T\u00e9cnica a partir de las 19hs hasta las 23hs\u201d. <\/strong><\/p>\n","protected":false},"excerpt":{"rendered":"<p>El pasado jueves, referentes del EEMPA de Armstrong, \u00a0Pablo Aris (Director Suplente) y Soledad Petetta (Prosecretaria) en dialogo con los medios locales expresaban que: La vecina instituci\u00f3n Escuela N\u00b0 262 les ha cedido dos aulas al EEMPA N\u00b0 1137- Escuela de Educaci\u00f3n para Adultos Nivel Com\u00fan Medio debido a su reconstrucci\u00f3n. Soledad Petetta, nos informaba: <a href=\"https:\/\/armstrongyregion.com.ar\/diario\/eempa-de-armstrong-esta-funcionando-en-un-nuevo-edificio\/\" title=\"Read more\" >&#8230;<\/a><\/p>\n","protected":false},"author":1,"featured_media":20474,"comment_status":"open","ping_status":"open","sticky":false,"template":"","format":"standard","meta":{"_jetpack_memberships_contains_paid_content":false,"footnotes":"","jetpack_publicize_message":"","jetpack_publicize_feature_enabled":true,"jetpack_social_post_already_shared":false,"jetpack_social_options":{"image_generator_settings":{"template":"highway","default_image_id":0,"enabled":false},"version":2}},"categories":[6,8,1,2],"tags":[7596],"class_list":["post-20473","post","type-post","status-publish","format-standard","has-post-thumbnail","hentry","category-cultura-entretenimiento","category-deliberando","category-diario-armstrong","category-locales","tag-eempa-de-armstrong-esta-funcionando-en-un-nuevo-edificio"],"jetpack_publicize_connections":[],"jetpack_featured_media_url":"https:\/\/armstrongyregion.com.ar\/diario\/wp-content\/uploads\/2019\/02\/Pablo-Aris-.jpg","jetpack_shortlink":"https:\/\/wp.me\/p62QDO-5kd","jetpack_sharing_enabled":true,"amp_enabled":true,"_links":{"self":[{"href":"https:\/\/armstrongyregion.com.ar\/diario\/wp-json\/wp\/v2\/posts\/20473","targetHints":{"allow":["GET"]}}],"collection":[{"href":"https:\/\/armstrongyregion.com.ar\/diario\/wp-json\/wp\/v2\/posts"}],"about":[{"href":"https:\/\/armstrongyregion.com.ar\/diario\/wp-json\/wp\/v2\/types\/post"}],"author":[{"embeddable":true,"href":"https:\/\/armstrongyregion.com.ar\/diario\/wp-json\/wp\/v2\/users\/1"}],"replies":[{"embeddable":true,"href":"https:\/\/armstrongyregion.com.ar\/diario\/wp-json\/wp\/v2\/comments?post=20473"}],"version-history":[{"count":0,"href":"https:\/\/armstrongyregion.com.ar\/diario\/wp-json\/wp\/v2\/posts\/20473\/revisions"}],"wp:featuredmedia":[{"embeddable":true,"href":"https:\/\/armstrongyregion.com.ar\/diario\/wp-json\/wp\/v2\/media\/20474"}],"wp:attachment":[{"href":"https:\/\/armstrongyregion.com.ar\/diario\/wp-json\/wp\/v2\/media?parent=20473"}],"wp:term":[{"taxonomy":"category","embeddable":true,"href":"https:\/\/armstrongyregion.com.ar\/diario\/wp-json\/wp\/v2\/categories?post=20473"},{"taxonomy":"post_tag","embeddable":true,"href":"https:\/\/armstrongyregion.com.ar\/diario\/wp-json\/wp\/v2\/tags?post=20473"}],"curies":[{"name":"wp","href":"https:\/\/api.w.org\/{rel}","templated":true}]}}