{"id":20465,"date":"2019-02-23T16:03:41","date_gmt":"2019-02-23T16:03:41","guid":{"rendered":"https:\/\/armstrongyregion.com.ar\/diario\/?p=20465"},"modified":"2019-02-23T16:13:05","modified_gmt":"2019-02-23T16:13:05","slug":"eggimann-va-por-reeleccion-en-diputados-con-la-lista-por-la-vida-y-el-trabajo","status":"publish","type":"post","link":"https:\/\/armstrongyregion.com.ar\/diario\/eggimann-va-por-reeleccion-en-diputados-con-la-lista-por-la-vida-y-el-trabajo\/","title":{"rendered":"Eggimann va por reelecci\u00f3n en Diputados con la lista \u00abPor la vida y el trabajo\u00bb."},"content":{"rendered":"<p><a href=\"http:\/\/armstrongyregion.com.ar\/diario\/wp-content\/uploads\/2019\/02\/Eggiman.jpg\"><img loading=\"lazy\" decoding=\"async\" class=\"alignnone size-full wp-image-20466\" src=\"http:\/\/armstrongyregion.com.ar\/diario\/wp-content\/uploads\/2019\/02\/Eggiman.jpg\" alt=\"Eggiman\" width=\"768\" height=\"432\" srcset=\"https:\/\/armstrongyregion.com.ar\/diario\/wp-content\/uploads\/2019\/02\/Eggiman.jpg 768w, https:\/\/armstrongyregion.com.ar\/diario\/wp-content\/uploads\/2019\/02\/Eggiman-300x169.jpg 300w\" sizes=\"auto, (max-width: 768px) 100vw, 768px\" \/><\/a>El actual diputado provincial Julio Eggimann buscar\u00e1 la reelecci\u00f3n encabezando la lista \u00abPor la Vida y el Trabajo\u00bb, que participar\u00e1 en las elecciones primarias de abril dentro del frente justicialista denominado Juntos.<\/p>\n<p>El legislador apuesta a mantener la banca para continuar desarrollando una intensa tarea que en estos primeros cuatro a\u00f1os super\u00f3 largamente los 500 proyectos presentados. Adem\u00e1s de la excelente Ley del Deporte Provincial N\u00ba 10.554 que oportunamente impuls\u00f3, Eggimann consigui\u00f3 la aprobaci\u00f3n de iniciativas de relieve como el C\u00f3digo\/Ley de Aguas -consensuada con otros proyectos-,\u00a0 leyes en beneficio de mutuales, de los titulares de vivienda \u00fanica en situaci\u00f3n de desalojo y de los trasplantados. Adem\u00e1s impuls\u00f3 la vigencia de Pirotecnia Cero y la Ley de Transporte de Pasajeros, entre otros proyectos.<\/p>\n<p>Para Julio Eggimann, esta lista \u00abasume el desaf\u00edo de defender valores de la vida y el trabajo, siempre presentes en el mensaje justicialista que hoy se expresa en el Frente Juntos, donde en conjunto con otras fuerzas pol\u00edticas y sociales se genera una opci\u00f3n superadora para la provincia de Santa Fe\u00bb.<\/p>\n<p>El diputado venadense sostiene que desde este espacio se construye una alternativa seria \u00abfrente al agotamiento de la gesti\u00f3n del Frente Progresista, que no dio respuestas en problem\u00e1ticas tales como inseguridad, obras de infraestructura estrat\u00e9gicas, tarifazos abusivos\u00a0 en los servicios p\u00fablicos y ca\u00edda del aparato productivo, entre otras cuestiones que marcan su incorrecta valoraci\u00f3n y desconocimiento de las prioridades de la agenda p\u00fablica\u00bb, sentenci\u00f3.<\/p>\n<p>Julio Eggimann precis\u00f3 adem\u00e1s que en el orden provincial est\u00e1 alineado con Omar Perotti para la gobernaci\u00f3n de Santa Fe, al tiempo que hizo expl\u00edcito su profundo cuestionamiento a las pol\u00edticas nacionales que promueve el presidente Macri: \u00abSe concret\u00f3 un irresponsable endeudamiento externo, se incentivaron bicicletas financieras especulativas generando recesi\u00f3n e inflaci\u00f3n. Este elevado costo social deteriora progresivamente el nivel de la actividad econ\u00f3mica y productiva en perjuicio de los sectores m\u00e1s d\u00e9biles, y en beneficio de los grupos concentrados de poder\u00bb, afirm\u00f3.<\/p>\n<p>En defensa de las mutuales<\/p>\n<p>Por otro lado, el diputado Eggimann expres\u00f3 su disconformidad por la decisi\u00f3n del gobernador Miguel Lifschitz de vetar la ley 13.815 que establece la adhesi\u00f3n de la Provincia al art\u00edculo 29 de la Ley Nacional 20.321 de Asociaciones Mutuales. Este proyecto, que fuera impulsado por el legislador venadense, apostaba a beneficiar las actividades de la econom\u00eda social solidaria desarrolladas por las asociaciones mutuales, otorg\u00e1ndoles la exenci\u00f3n a diferentes tributos como Ingresos Brutos.<\/p>\n<p>\u00abSin embargo, con fundamentos inexactos, el gobierno provincial decret\u00f3 el veto sugiriendo un nuevo texto que conlleva mayor confusi\u00f3n e incertidumbre\u00bb, cuestion\u00f3 Eggimann, indicando que esta ley sancionada en noviembre del a\u00f1o pasado \u00abadquiere mayor valor en el contexto actual, donde desde el gobierno central se remiten proyectos al Congreso para gravar a las mutuales con el Impuesto a las Ganancias, siguiendo esa l\u00f3gica perversa del modelo econ\u00f3mico actual de beneficiar a los grupos financieros y bancarios concentrados, en detrimento de entidades de la econom\u00eda social y solidaria\u00bb.<\/p>\n<p>Partiendo de la premisa que las mutuales son entidades inspiradas en la solidaridad y sin fines de lucro, el dirigente venadense expuso las contradicciones del gobierno provincial: \u00abPor un lado el gobernador Miguel Lifschitz le hizo saber al ministro del Interior, Rogelio Frigerio, que no estampar\u00eda su firma para el consenso fiscal si se gravaba a las mutuales con impuestos nacionales, pero quiere cobrarles tributos provinciales\u00bb, expuso.<\/p>\n<p>En este contexto, Eggimann present\u00f3 un proyecto declarativo en la C\u00e1mara de Diputados en rechazo al mencionado veto que perjudica al sector de la econom\u00eda social.<\/p>\n<p>Diario El Informe.com<\/p>\n","protected":false},"excerpt":{"rendered":"<p>El actual diputado provincial Julio Eggimann buscar\u00e1 la reelecci\u00f3n encabezando la lista \u00abPor la Vida y el Trabajo\u00bb, que participar\u00e1 en las elecciones primarias de abril dentro del frente justicialista denominado Juntos. El legislador apuesta a mantener la banca para continuar desarrollando una intensa tarea que en estos primeros cuatro a\u00f1os super\u00f3 largamente los 500 <a href=\"https:\/\/armstrongyregion.com.ar\/diario\/eggimann-va-por-reeleccion-en-diputados-con-la-lista-por-la-vida-y-el-trabajo\/\" title=\"Read more\" >&#8230;<\/a><\/p>\n","protected":false},"author":1,"featured_media":20466,"comment_status":"open","ping_status":"open","sticky":false,"template":"","format":"standard","meta":{"_jetpack_memberships_contains_paid_content":false,"footnotes":"","jetpack_publicize_message":"","jetpack_publicize_feature_enabled":true,"jetpack_social_post_already_shared":false,"jetpack_social_options":{"image_generator_settings":{"template":"highway","default_image_id":0,"enabled":false},"version":2}},"categories":[8,1,7,3],"tags":[7594],"class_list":["post-20465","post","type-post","status-publish","format-standard","has-post-thumbnail","hentry","category-deliberando","category-diario-armstrong","category-politica","category-region","tag-eggimann-va-por-reeleccion-en-diputados-con-la-lista-por-la-vida-y-el-trabajo"],"jetpack_publicize_connections":[],"jetpack_featured_media_url":"https:\/\/armstrongyregion.com.ar\/diario\/wp-content\/uploads\/2019\/02\/Eggiman.jpg","jetpack_shortlink":"https:\/\/wp.me\/p62QDO-5k5","jetpack_sharing_enabled":true,"amp_enabled":true,"_links":{"self":[{"href":"https:\/\/armstrongyregion.com.ar\/diario\/wp-json\/wp\/v2\/posts\/20465","targetHints":{"allow":["GET"]}}],"collection":[{"href":"https:\/\/armstrongyregion.com.ar\/diario\/wp-json\/wp\/v2\/posts"}],"about":[{"href":"https:\/\/armstrongyregion.com.ar\/diario\/wp-json\/wp\/v2\/types\/post"}],"author":[{"embeddable":true,"href":"https:\/\/armstrongyregion.com.ar\/diario\/wp-json\/wp\/v2\/users\/1"}],"replies":[{"embeddable":true,"href":"https:\/\/armstrongyregion.com.ar\/diario\/wp-json\/wp\/v2\/comments?post=20465"}],"version-history":[{"count":0,"href":"https:\/\/armstrongyregion.com.ar\/diario\/wp-json\/wp\/v2\/posts\/20465\/revisions"}],"wp:featuredmedia":[{"embeddable":true,"href":"https:\/\/armstrongyregion.com.ar\/diario\/wp-json\/wp\/v2\/media\/20466"}],"wp:attachment":[{"href":"https:\/\/armstrongyregion.com.ar\/diario\/wp-json\/wp\/v2\/media?parent=20465"}],"wp:term":[{"taxonomy":"category","embeddable":true,"href":"https:\/\/armstrongyregion.com.ar\/diario\/wp-json\/wp\/v2\/categories?post=20465"},{"taxonomy":"post_tag","embeddable":true,"href":"https:\/\/armstrongyregion.com.ar\/diario\/wp-json\/wp\/v2\/tags?post=20465"}],"curies":[{"name":"wp","href":"https:\/\/api.w.org\/{rel}","templated":true}]}}