{"id":20452,"date":"2019-02-23T02:35:55","date_gmt":"2019-02-23T02:35:55","guid":{"rendered":"https:\/\/armstrongyregion.com.ar\/diario\/?p=20452"},"modified":"2019-02-23T02:35:55","modified_gmt":"2019-02-23T02:35:55","slug":"cierre-de-listas-en-armstrong-los-nombres-confirmados-de-los-precandidatos-a-concejales","status":"publish","type":"post","link":"https:\/\/armstrongyregion.com.ar\/diario\/cierre-de-listas-en-armstrong-los-nombres-confirmados-de-los-precandidatos-a-concejales\/","title":{"rendered":"Cierre de listas en Armstrong: los nombres confirmados de los precandidatos a CONCEJALES."},"content":{"rendered":"<p><a href=\"http:\/\/armstrongyregion.com.ar\/diario\/wp-content\/uploads\/2019\/02\/elecciones_troquel_crop1540046451508.jpg_258117318.jpg\"><img loading=\"lazy\" decoding=\"async\" class=\"alignnone size-full wp-image-20453\" src=\"http:\/\/armstrongyregion.com.ar\/diario\/wp-content\/uploads\/2019\/02\/elecciones_troquel_crop1540046451508.jpg_258117318.jpg\" alt=\"elecciones_troquel_crop1540046451508.jpg_258117318\" width=\"829\" height=\"466\" srcset=\"https:\/\/armstrongyregion.com.ar\/diario\/wp-content\/uploads\/2019\/02\/elecciones_troquel_crop1540046451508.jpg_258117318.jpg 829w, https:\/\/armstrongyregion.com.ar\/diario\/wp-content\/uploads\/2019\/02\/elecciones_troquel_crop1540046451508.jpg_258117318-300x169.jpg 300w\" sizes=\"auto, (max-width: 829px) 100vw, 829px\" \/><\/a>El 22 de febrero ten\u00edan que estar presentadas las listas de precandidatos a gobernador, senador, intendentes, presidentes comunales y concejales. En Armstrong este a\u00f1o no tenemos la categor\u00eda de intendente y solamente el Partido Justicialista compite en una interna.<\/p>\n<p><a href=\"http:\/\/armstrongyregion.com.ar\/diario\/wp-content\/uploads\/2015\/04\/elecciones.jpg\"><img loading=\"lazy\" decoding=\"async\" class=\"alignnone size-full wp-image-1751\" src=\"http:\/\/armstrongyregion.com.ar\/diario\/wp-content\/uploads\/2015\/04\/elecciones.jpg\" alt=\"elecciones\" width=\"237\" height=\"213\" \/><\/a>El Frente Progresista no competir\u00e1 como en las elecciones anteriores, en esta oportunidad se logr\u00f3 la unidad. Encabezando Alejandro Pertusati, actual concejal de U.C.R, Ver\u00f3nica Barone, Omar Maiani, Suplentes: \u00a0Luzzi Guillermo, Marisa Valeri, Brenda Carmona.<\/p>\n<p>En Renovaci\u00f3n por Armstrong, encabezara el actual concejal Emiliano \u00a0Gramigna, Facundo Amil, Paola Aresu, Suplentes: Luciana Cantarini, Facundo Mazzei, Elina Bufarini.<\/p>\n<p>El partido Justicialista, dirimir\u00e1 su candidato en las PASO, ya que por un lado est\u00e1 la lista del actual edil Augusto Fischer, Jos\u00e9 (Koch\u00e9) Albornoz, Andrea Pribisalich, Suplentes Mart\u00edn Jaime, Mar\u00eda Victoria Lloan, Soledad Isoardi.<\/p>\n<p>Tambi\u00e9n Gerardo Pavicic, ex concejal, encabeza la segunda lista del P.J. \u00a0lo secundan Ana Laura Aranda, Cristian Pereyra. Suplentes: \u00a0Ludmila Romero, Lisandro Jossen y Yamila R\u00edos.<\/p>\n<p><strong>Calendario provincia de Santa Fe:<\/strong><\/p>\n<p>-22 de febrero: cierre de listas provinciales.<\/p>\n<p>-28 de abril: elecciones primarias (Paso) provinciales.<\/p>\n<p>-16 de junio: elecciones generales provinciales (se eligen gobernador, intendentes, presidentes de comuna, legisladores provinciales y concejales).<\/p>\n<p>Las elecciones presidenciales de Argentina de 2019 se llevar\u00e1n a cabo el <strong>27 de octubre de 2019<\/strong>, de acuerdo a lo establecido en la Constituci\u00f3n nacional y las leyes electorales. Los candidatos surgir\u00e1n de las elecciones primarias que se realizar\u00e1n el <strong>11 de agosto de 2019<\/strong>, si alcanzan el 1,5 % de los votos v\u00e1lidos.<\/p>\n<p>&nbsp;<\/p>\n","protected":false},"excerpt":{"rendered":"<p>El 22 de febrero ten\u00edan que estar presentadas las listas de precandidatos a gobernador, senador, intendentes, presidentes comunales y concejales. En Armstrong este a\u00f1o no tenemos la categor\u00eda de intendente y solamente el Partido Justicialista compite en una interna. El Frente Progresista no competir\u00e1 como en las elecciones anteriores, en esta oportunidad se logr\u00f3 la <a href=\"https:\/\/armstrongyregion.com.ar\/diario\/cierre-de-listas-en-armstrong-los-nombres-confirmados-de-los-precandidatos-a-concejales\/\" title=\"Read more\" >&#8230;<\/a><\/p>\n","protected":false},"author":1,"featured_media":5154,"comment_status":"open","ping_status":"open","sticky":false,"template":"","format":"standard","meta":{"_jetpack_memberships_contains_paid_content":false,"footnotes":"","jetpack_publicize_message":"","jetpack_publicize_feature_enabled":true,"jetpack_social_post_already_shared":false,"jetpack_social_options":{"image_generator_settings":{"template":"highway","default_image_id":0,"enabled":false},"version":2}},"categories":[8,1,2,7],"tags":[7590],"class_list":["post-20452","post","type-post","status-publish","format-standard","has-post-thumbnail","hentry","category-deliberando","category-diario-armstrong","category-locales","category-politica","tag-cierre-de-listas-en-armstrong-los-nombres-confirmados-de-los-precandidatos-a-concejales"],"jetpack_publicize_connections":[],"jetpack_featured_media_url":"https:\/\/armstrongyregion.com.ar\/diario\/wp-content\/uploads\/2015\/11\/elecciones.jpg","jetpack_shortlink":"https:\/\/wp.me\/p62QDO-5jS","jetpack_sharing_enabled":true,"amp_enabled":true,"_links":{"self":[{"href":"https:\/\/armstrongyregion.com.ar\/diario\/wp-json\/wp\/v2\/posts\/20452","targetHints":{"allow":["GET"]}}],"collection":[{"href":"https:\/\/armstrongyregion.com.ar\/diario\/wp-json\/wp\/v2\/posts"}],"about":[{"href":"https:\/\/armstrongyregion.com.ar\/diario\/wp-json\/wp\/v2\/types\/post"}],"author":[{"embeddable":true,"href":"https:\/\/armstrongyregion.com.ar\/diario\/wp-json\/wp\/v2\/users\/1"}],"replies":[{"embeddable":true,"href":"https:\/\/armstrongyregion.com.ar\/diario\/wp-json\/wp\/v2\/comments?post=20452"}],"version-history":[{"count":0,"href":"https:\/\/armstrongyregion.com.ar\/diario\/wp-json\/wp\/v2\/posts\/20452\/revisions"}],"wp:featuredmedia":[{"embeddable":true,"href":"https:\/\/armstrongyregion.com.ar\/diario\/wp-json\/wp\/v2\/media\/5154"}],"wp:attachment":[{"href":"https:\/\/armstrongyregion.com.ar\/diario\/wp-json\/wp\/v2\/media?parent=20452"}],"wp:term":[{"taxonomy":"category","embeddable":true,"href":"https:\/\/armstrongyregion.com.ar\/diario\/wp-json\/wp\/v2\/categories?post=20452"},{"taxonomy":"post_tag","embeddable":true,"href":"https:\/\/armstrongyregion.com.ar\/diario\/wp-json\/wp\/v2\/tags?post=20452"}],"curies":[{"name":"wp","href":"https:\/\/api.w.org\/{rel}","templated":true}]}}