{"id":20440,"date":"2019-02-21T16:43:01","date_gmt":"2019-02-21T16:43:01","guid":{"rendered":"https:\/\/armstrongyregion.com.ar\/diario\/?p=20440"},"modified":"2019-02-21T16:43:01","modified_gmt":"2019-02-21T16:43:01","slug":"armstrong-acondicionamiento-en-calzadas-de-nuestra-ciudad","status":"publish","type":"post","link":"https:\/\/armstrongyregion.com.ar\/diario\/armstrong-acondicionamiento-en-calzadas-de-nuestra-ciudad\/","title":{"rendered":"Armstrong. Acondicionamiento en calzadas de nuestra ciudad."},"content":{"rendered":"<p><a href=\"http:\/\/armstrongyregion.com.ar\/diario\/wp-content\/uploads\/2019\/02\/Calzadas-armstrong-.jpeg\"><img loading=\"lazy\" decoding=\"async\" class=\"alignnone size-full wp-image-20441\" src=\"http:\/\/armstrongyregion.com.ar\/diario\/wp-content\/uploads\/2019\/02\/Calzadas-armstrong-.jpeg\" alt=\"Calzadas-armstrong-\" width=\"768\" height=\"576\" srcset=\"https:\/\/armstrongyregion.com.ar\/diario\/wp-content\/uploads\/2019\/02\/Calzadas-armstrong-.jpeg 768w, https:\/\/armstrongyregion.com.ar\/diario\/wp-content\/uploads\/2019\/02\/Calzadas-armstrong--300x225.jpeg 300w\" sizes=\"auto, (max-width: 768px) 100vw, 768px\" \/><\/a>Dado que la lluvia da tregua,\u00a0 el Municipio reactiv\u00f3 en el cronograma de mantenimiento de las calles de la ciudad para normalizar este servicio.<\/p>\n<p><a href=\"http:\/\/armstrongyregion.com.ar\/diario\/wp-content\/uploads\/2019\/02\/Calzadas-armstrong-2-.jpeg\"><img loading=\"lazy\" decoding=\"async\" class=\"alignnone size-full wp-image-20442\" src=\"http:\/\/armstrongyregion.com.ar\/diario\/wp-content\/uploads\/2019\/02\/Calzadas-armstrong-2-.jpeg\" alt=\"Calzadas-armstrong-2-\" width=\"768\" height=\"576\" srcset=\"https:\/\/armstrongyregion.com.ar\/diario\/wp-content\/uploads\/2019\/02\/Calzadas-armstrong-2-.jpeg 768w, https:\/\/armstrongyregion.com.ar\/diario\/wp-content\/uploads\/2019\/02\/Calzadas-armstrong-2--300x225.jpeg 300w\" sizes=\"auto, (max-width: 768px) 100vw, 768px\" \/><\/a>La semana pasada, se comenz\u00f3 a realizar el acondicionamiento de la calzada y reposici\u00f3n del mejorado sobre calles: Villa Maria entre Paran\u00e1 y Barrios; El Algarrobo entre California y Castellanos; Paraguay entre Ruta N\u00ba9 y Cuffia; Elisa entre Villa Mar\u00eda y Bell Ville.<\/p>\n<p>Las\u00a0 calles sobre las cuales se trabajar\u00e1 en los pr\u00f3ximos d\u00edas son:<\/p>\n<ul>\n<li>Democracia entre Delfo Cabrera y Schaer.<\/li>\n<li>Venezuela entre Moreno y Paran\u00e1.<\/li>\n<li>Girling entre Fischer y Santa Fe.<\/li>\n<li>Cuffia entre San Luis y La Plata.<\/li>\n<li>Crucianelli entre Mosconi y Los Helechos.<\/li>\n<li>Elisa entre Villa Mar\u00eda y Schaer.<\/li>\n<li>Schaer entre Elisa y Radical.<\/li>\n<li>Ecuador entre Mart\u00ednez y Floresta.<\/li>\n<li>Ecuador entre Mart\u00ednez y Barrios.<\/li>\n<li>Chavarri entre Barrios y Paran\u00e1.<\/li>\n<li>Girling entre Buenos Aires y Democracia.<\/li>\n<li>Ferrero entre Ant\u00e1rtida Argentina y La Plata.<\/li>\n<li>Ant\u00e1rtida Argentina entre Flotron y ruta N\u00ba 9.<\/li>\n<li>Los Horneros entre Fischer y San Luis.<\/li>\n<\/ul>\n","protected":false},"excerpt":{"rendered":"<p>Dado que la lluvia da tregua,\u00a0 el Municipio reactiv\u00f3 en el cronograma de mantenimiento de las calles de la ciudad para normalizar este servicio. La semana pasada, se comenz\u00f3 a realizar el acondicionamiento de la calzada y reposici\u00f3n del mejorado sobre calles: Villa Maria entre Paran\u00e1 y Barrios; El Algarrobo entre California y Castellanos; Paraguay <a href=\"https:\/\/armstrongyregion.com.ar\/diario\/armstrong-acondicionamiento-en-calzadas-de-nuestra-ciudad\/\" title=\"Read more\" >&#8230;<\/a><\/p>\n","protected":false},"author":1,"featured_media":20441,"comment_status":"open","ping_status":"open","sticky":false,"template":"","format":"standard","meta":{"_jetpack_memberships_contains_paid_content":false,"footnotes":"","jetpack_publicize_message":"","jetpack_publicize_feature_enabled":true,"jetpack_social_post_already_shared":false,"jetpack_social_options":{"image_generator_settings":{"template":"highway","default_image_id":0,"enabled":false},"version":2}},"categories":[8,1,2,7],"tags":[7586,20,7587,390,19,15,91,388,13],"class_list":["post-20440","post","type-post","status-publish","format-standard","has-post-thumbnail","hentry","category-deliberando","category-diario-armstrong","category-locales","category-politica","tag-acondicionamiento","tag-armstrong","tag-calzadas","tag-ciudad","tag-de","tag-en","tag-nuestra","tag-region-2","tag-y"],"jetpack_publicize_connections":[],"jetpack_featured_media_url":"https:\/\/armstrongyregion.com.ar\/diario\/wp-content\/uploads\/2019\/02\/Calzadas-armstrong-.jpeg","jetpack_shortlink":"https:\/\/wp.me\/p62QDO-5jG","jetpack_sharing_enabled":true,"amp_enabled":true,"_links":{"self":[{"href":"https:\/\/armstrongyregion.com.ar\/diario\/wp-json\/wp\/v2\/posts\/20440","targetHints":{"allow":["GET"]}}],"collection":[{"href":"https:\/\/armstrongyregion.com.ar\/diario\/wp-json\/wp\/v2\/posts"}],"about":[{"href":"https:\/\/armstrongyregion.com.ar\/diario\/wp-json\/wp\/v2\/types\/post"}],"author":[{"embeddable":true,"href":"https:\/\/armstrongyregion.com.ar\/diario\/wp-json\/wp\/v2\/users\/1"}],"replies":[{"embeddable":true,"href":"https:\/\/armstrongyregion.com.ar\/diario\/wp-json\/wp\/v2\/comments?post=20440"}],"version-history":[{"count":0,"href":"https:\/\/armstrongyregion.com.ar\/diario\/wp-json\/wp\/v2\/posts\/20440\/revisions"}],"wp:featuredmedia":[{"embeddable":true,"href":"https:\/\/armstrongyregion.com.ar\/diario\/wp-json\/wp\/v2\/media\/20441"}],"wp:attachment":[{"href":"https:\/\/armstrongyregion.com.ar\/diario\/wp-json\/wp\/v2\/media?parent=20440"}],"wp:term":[{"taxonomy":"category","embeddable":true,"href":"https:\/\/armstrongyregion.com.ar\/diario\/wp-json\/wp\/v2\/categories?post=20440"},{"taxonomy":"post_tag","embeddable":true,"href":"https:\/\/armstrongyregion.com.ar\/diario\/wp-json\/wp\/v2\/tags?post=20440"}],"curies":[{"name":"wp","href":"https:\/\/api.w.org\/{rel}","templated":true}]}}