{"id":20409,"date":"2019-02-20T13:13:23","date_gmt":"2019-02-20T13:13:23","guid":{"rendered":"https:\/\/armstrongyregion.com.ar\/diario\/?p=20409"},"modified":"2019-02-20T13:13:23","modified_gmt":"2019-02-20T13:13:23","slug":"canada-de-gomez-municipio-abre-la-convocatoria-para-presentar-proyectos-para-la-radio-escuela-municipal","status":"publish","type":"post","link":"https:\/\/armstrongyregion.com.ar\/diario\/canada-de-gomez-municipio-abre-la-convocatoria-para-presentar-proyectos-para-la-radio-escuela-municipal\/","title":{"rendered":"Ca\u00f1ada de Gomez. Municipio abre la convocatoria para presentar proyectos para la Radio Escuela Municipal."},"content":{"rendered":"<p style=\"font-weight: 400;\"><a href=\"http:\/\/armstrongyregion.com.ar\/diario\/wp-content\/uploads\/2019\/02\/WhatsApp-Image-2019-02-18-at-12.56.09.jpeg\"><img loading=\"lazy\" decoding=\"async\" class=\"alignnone size-full wp-image-20410\" src=\"http:\/\/armstrongyregion.com.ar\/diario\/wp-content\/uploads\/2019\/02\/WhatsApp-Image-2019-02-18-at-12.56.09.jpeg\" alt=\"WhatsApp Image 2019-02-18 at 12.56.09\" width=\"601\" height=\"600\" srcset=\"https:\/\/armstrongyregion.com.ar\/diario\/wp-content\/uploads\/2019\/02\/WhatsApp-Image-2019-02-18-at-12.56.09.jpeg 601w, https:\/\/armstrongyregion.com.ar\/diario\/wp-content\/uploads\/2019\/02\/WhatsApp-Image-2019-02-18-at-12.56.09-150x150.jpeg 150w, https:\/\/armstrongyregion.com.ar\/diario\/wp-content\/uploads\/2019\/02\/WhatsApp-Image-2019-02-18-at-12.56.09-300x300.jpeg 300w, https:\/\/armstrongyregion.com.ar\/diario\/wp-content\/uploads\/2019\/02\/WhatsApp-Image-2019-02-18-at-12.56.09-144x144.jpeg 144w\" sizes=\"auto, (max-width: 601px) 100vw, 601px\" \/><\/a>En el marco de la puesta en marcha de este nuevo medio de comunicaci\u00f3n de car\u00e1cter p\u00fablico como es la Fm 88.5, la Municipalidad de Ca\u00f1ada de G\u00f3mez abre la convocatoria para la presentaci\u00f3n de proyectos radiales educativos, culturales y comunitarios sin fines comerciales. El plazo para la presentaci\u00f3n de proyectos ser\u00e1 del 18 de febrero hasta el 31 de marzo del corriente a\u00f1o.<\/p>\n<p style=\"font-weight: 400;\">\n<p style=\"font-weight: 400;\">Como parte de la puesta en marcha de la FM 88.5 Radio Escuela Municipal, se abre la convocatoria para la presentaci\u00f3n de proyectos radiales educativos, culturales y comunitarios sin fines comerciales.<\/p>\n<p style=\"font-weight: 400;\">Esta convocatoria est\u00e1 dirigida a todas aquellas instituciones y ONG`s de la ciudad constituidas formalmente, que persigan objetivos educativos, culturales y comunitarios. El plazo para la presentaci\u00f3n de proyectos ser\u00e1 del 18 de febrero hasta el 31 de marzo del corriente a\u00f1o y para m\u00e1s informaci\u00f3n se puede descargar las bases y condiciones en\u00a0<a href=\"https:\/\/xn--caadadegomez-bhb.gob.ar\/2019\/02\/18\/municipio-abre-la-convocatoria-para-presentar-proyectos-para-la-radio-escuela-municipal\/\" data-saferedirecturl=\"https:\/\/www.google.com\/url?q=https:\/\/xn--caadadegomez-bhb.gob.ar\/2019\/02\/18\/municipio-abre-la-convocatoria-para-presentar-proyectos-para-la-radio-escuela-municipal\/&amp;source=gmail&amp;ust=1550754228196000&amp;usg=AFQjCNEdZBU-o8JWF1IJXD3-BZDrvbJgTQ\">https:\/\/xn--caadadegomez-bhb.gob.ar\/2019\/02\/18\/municipio-abre-la-convocatoria-para-presentar-proyectos-para-la-radio-escuela-municipal\/<\/a><\/p>\n<p style=\"font-weight: 400;\">Los objetivos de la Radio Escuela Municipal son: promover la comunicaci\u00f3n de temas educativos, culturales y comunitarios, a trav\u00e9s de la divulgaci\u00f3n del quehacer de las instituciones de la ciudad, sin fines comerciales, brindar espacio a nuevas y m\u00faltiples voces al espectro radiof\u00f3nico, dar lugar a las instituciones, ONGs y colectivos socioculturales que lleven adelante una labor solidaria, preventiva, comunitaria, art\u00edstica o de divulgaci\u00f3n, sin fines de lucro, garantizar una programaci\u00f3n con contenido amplio respetando las distintas ideas y creencias, bregar por el fortalecimiento de la historia y la cultura local y nacional y promover la profesionalizaci\u00f3n y responsabilidad en los procesos de construcci\u00f3n de la comunicaci\u00f3n social.<\/p>\n","protected":false},"excerpt":{"rendered":"<p>En el marco de la puesta en marcha de este nuevo medio de comunicaci\u00f3n de car\u00e1cter p\u00fablico como es la Fm 88.5, la Municipalidad de Ca\u00f1ada de G\u00f3mez abre la convocatoria para la presentaci\u00f3n de proyectos radiales educativos, culturales y comunitarios sin fines comerciales. El plazo para la presentaci\u00f3n de proyectos ser\u00e1 del 18 de <a href=\"https:\/\/armstrongyregion.com.ar\/diario\/canada-de-gomez-municipio-abre-la-convocatoria-para-presentar-proyectos-para-la-radio-escuela-municipal\/\" title=\"Read more\" >&#8230;<\/a><\/p>\n","protected":false},"author":1,"featured_media":20410,"comment_status":"open","ping_status":"open","sticky":false,"template":"","format":"standard","meta":{"_jetpack_memberships_contains_paid_content":false,"footnotes":"","jetpack_publicize_message":"","jetpack_publicize_feature_enabled":true,"jetpack_social_post_already_shared":false,"jetpack_social_options":{"image_generator_settings":{"template":"highway","default_image_id":0,"enabled":false},"version":2}},"categories":[6,8,1,3],"tags":[],"class_list":["post-20409","post","type-post","status-publish","format-standard","has-post-thumbnail","hentry","category-cultura-entretenimiento","category-deliberando","category-diario-armstrong","category-region"],"jetpack_publicize_connections":[],"jetpack_featured_media_url":"https:\/\/armstrongyregion.com.ar\/diario\/wp-content\/uploads\/2019\/02\/WhatsApp-Image-2019-02-18-at-12.56.09.jpeg","jetpack_shortlink":"https:\/\/wp.me\/p62QDO-5jb","jetpack_sharing_enabled":true,"amp_enabled":true,"_links":{"self":[{"href":"https:\/\/armstrongyregion.com.ar\/diario\/wp-json\/wp\/v2\/posts\/20409","targetHints":{"allow":["GET"]}}],"collection":[{"href":"https:\/\/armstrongyregion.com.ar\/diario\/wp-json\/wp\/v2\/posts"}],"about":[{"href":"https:\/\/armstrongyregion.com.ar\/diario\/wp-json\/wp\/v2\/types\/post"}],"author":[{"embeddable":true,"href":"https:\/\/armstrongyregion.com.ar\/diario\/wp-json\/wp\/v2\/users\/1"}],"replies":[{"embeddable":true,"href":"https:\/\/armstrongyregion.com.ar\/diario\/wp-json\/wp\/v2\/comments?post=20409"}],"version-history":[{"count":0,"href":"https:\/\/armstrongyregion.com.ar\/diario\/wp-json\/wp\/v2\/posts\/20409\/revisions"}],"wp:featuredmedia":[{"embeddable":true,"href":"https:\/\/armstrongyregion.com.ar\/diario\/wp-json\/wp\/v2\/media\/20410"}],"wp:attachment":[{"href":"https:\/\/armstrongyregion.com.ar\/diario\/wp-json\/wp\/v2\/media?parent=20409"}],"wp:term":[{"taxonomy":"category","embeddable":true,"href":"https:\/\/armstrongyregion.com.ar\/diario\/wp-json\/wp\/v2\/categories?post=20409"},{"taxonomy":"post_tag","embeddable":true,"href":"https:\/\/armstrongyregion.com.ar\/diario\/wp-json\/wp\/v2\/tags?post=20409"}],"curies":[{"name":"wp","href":"https:\/\/api.w.org\/{rel}","templated":true}]}}