{"id":20406,"date":"2019-02-20T13:08:43","date_gmt":"2019-02-20T13:08:43","guid":{"rendered":"https:\/\/armstrongyregion.com.ar\/diario\/?p=20406"},"modified":"2019-02-20T13:11:18","modified_gmt":"2019-02-20T13:11:18","slug":"correa-se-construiran-rampas-de-acceso-de-veredas","status":"publish","type":"post","link":"https:\/\/armstrongyregion.com.ar\/diario\/correa-se-construiran-rampas-de-acceso-de-veredas\/","title":{"rendered":"Correa. Se construir\u00e1n rampas de acceso de veredas."},"content":{"rendered":"<p style=\"font-weight: 400;\"><a href=\"http:\/\/armstrongyregion.com.ar\/diario\/wp-content\/uploads\/2019\/02\/Rampas-de-acceso-1.jpg\"><img loading=\"lazy\" decoding=\"async\" class=\"alignnone size-full wp-image-20407\" src=\"http:\/\/armstrongyregion.com.ar\/diario\/wp-content\/uploads\/2019\/02\/Rampas-de-acceso-1.jpg\" alt=\"Rampas de acceso (1)\" width=\"768\" height=\"399\" srcset=\"https:\/\/armstrongyregion.com.ar\/diario\/wp-content\/uploads\/2019\/02\/Rampas-de-acceso-1.jpg 768w, https:\/\/armstrongyregion.com.ar\/diario\/wp-content\/uploads\/2019\/02\/Rampas-de-acceso-1-300x156.jpg 300w\" sizes=\"auto, (max-width: 768px) 100vw, 768px\" \/><\/a>La Comuna de Correa realiz\u00f3 la apertura de sobres del proceso licitatorio para la compra de 204 mts3 de hormig\u00f3n H21 para la construcci\u00f3n de rampas de acceso en veredas en distintos puntos de la localidad.<\/p>\n<p style=\"font-weight: 400;\">\u201cTrabajamos por un pueblo m\u00e1s inclusivo y accesible. Estas obras permitir\u00e1n generar una movilidad segura para los peatones\u201d, expres\u00f3 el presidente comunal, Fabi\u00e1n Cejas.<\/p>\n<p style=\"font-weight: 400;\">\n","protected":false},"excerpt":{"rendered":"<p>La Comuna de Correa realiz\u00f3 la apertura de sobres del proceso licitatorio para la compra de 204 mts3 de hormig\u00f3n H21 para la construcci\u00f3n de rampas de acceso en veredas en distintos puntos de la localidad. \u201cTrabajamos por un pueblo m\u00e1s inclusivo y accesible. Estas obras permitir\u00e1n generar una movilidad segura para los peatones\u201d, expres\u00f3 <a href=\"https:\/\/armstrongyregion.com.ar\/diario\/correa-se-construiran-rampas-de-acceso-de-veredas\/\" title=\"Read more\" >&#8230;<\/a><\/p>\n","protected":false},"author":1,"featured_media":20407,"comment_status":"open","ping_status":"open","sticky":false,"template":"","format":"standard","meta":{"_jetpack_memberships_contains_paid_content":false,"footnotes":"","jetpack_publicize_message":"","jetpack_publicize_feature_enabled":true,"jetpack_social_post_already_shared":false,"jetpack_social_options":{"image_generator_settings":{"template":"highway","default_image_id":0,"enabled":false},"version":2}},"categories":[8,1,7,3],"tags":[],"class_list":["post-20406","post","type-post","status-publish","format-standard","has-post-thumbnail","hentry","category-deliberando","category-diario-armstrong","category-politica","category-region"],"jetpack_publicize_connections":[],"jetpack_featured_media_url":"https:\/\/armstrongyregion.com.ar\/diario\/wp-content\/uploads\/2019\/02\/Rampas-de-acceso-1.jpg","jetpack_shortlink":"https:\/\/wp.me\/p62QDO-5j8","jetpack_sharing_enabled":true,"amp_enabled":true,"_links":{"self":[{"href":"https:\/\/armstrongyregion.com.ar\/diario\/wp-json\/wp\/v2\/posts\/20406","targetHints":{"allow":["GET"]}}],"collection":[{"href":"https:\/\/armstrongyregion.com.ar\/diario\/wp-json\/wp\/v2\/posts"}],"about":[{"href":"https:\/\/armstrongyregion.com.ar\/diario\/wp-json\/wp\/v2\/types\/post"}],"author":[{"embeddable":true,"href":"https:\/\/armstrongyregion.com.ar\/diario\/wp-json\/wp\/v2\/users\/1"}],"replies":[{"embeddable":true,"href":"https:\/\/armstrongyregion.com.ar\/diario\/wp-json\/wp\/v2\/comments?post=20406"}],"version-history":[{"count":0,"href":"https:\/\/armstrongyregion.com.ar\/diario\/wp-json\/wp\/v2\/posts\/20406\/revisions"}],"wp:featuredmedia":[{"embeddable":true,"href":"https:\/\/armstrongyregion.com.ar\/diario\/wp-json\/wp\/v2\/media\/20407"}],"wp:attachment":[{"href":"https:\/\/armstrongyregion.com.ar\/diario\/wp-json\/wp\/v2\/media?parent=20406"}],"wp:term":[{"taxonomy":"category","embeddable":true,"href":"https:\/\/armstrongyregion.com.ar\/diario\/wp-json\/wp\/v2\/categories?post=20406"},{"taxonomy":"post_tag","embeddable":true,"href":"https:\/\/armstrongyregion.com.ar\/diario\/wp-json\/wp\/v2\/tags?post=20406"}],"curies":[{"name":"wp","href":"https:\/\/api.w.org\/{rel}","templated":true}]}}