{"id":20402,"date":"2019-02-18T13:48:57","date_gmt":"2019-02-18T13:48:57","guid":{"rendered":"https:\/\/armstrongyregion.com.ar\/diario\/?p=20402"},"modified":"2019-02-18T13:48:57","modified_gmt":"2019-02-18T13:48:57","slug":"censo-nacional-agropecuario-2018","status":"publish","type":"post","link":"https:\/\/armstrongyregion.com.ar\/diario\/censo-nacional-agropecuario-2018\/","title":{"rendered":"Censo Nacional Agropecuario 2018."},"content":{"rendered":"<p><a href=\"http:\/\/armstrongyregion.com.ar\/diario\/wp-content\/uploads\/2019\/02\/censo.jpg\"><img loading=\"lazy\" decoding=\"async\" class=\"alignnone size-full wp-image-20403\" src=\"http:\/\/armstrongyregion.com.ar\/diario\/wp-content\/uploads\/2019\/02\/censo.jpg\" alt=\"censo\" width=\"768\" height=\"433\" srcset=\"https:\/\/armstrongyregion.com.ar\/diario\/wp-content\/uploads\/2019\/02\/censo.jpg 768w, https:\/\/armstrongyregion.com.ar\/diario\/wp-content\/uploads\/2019\/02\/censo-300x169.jpg 300w\" sizes=\"auto, (max-width: 768px) 100vw, 768px\" \/><\/a>La Municipalidad de Armstrong informa que se encuentra en vigencia el Censo Nacional Agropecuario 2018.<\/p>\n<p>Seg\u00fan solicitud del Instituto de Estad\u00edsticas y Censo de la Provincia de Santa Fe, se comunica a los productores agropecuarios que a\u00fan no realizaron el Censo Nacional, deben comunicarse con el Sr. Santiago Ceballos, de la ciudad de Las Rosas, al tel\u00e9fono 3471-518868 o bien ingresar a la p\u00e1gina <a href=\"http:\/\/www.santafe.gob.ar\/cna2018\">www.santafe.gob.ar\/cna2018<\/a>.<\/p>\n<p>El per\u00edodo en el que se podr\u00e1 realizar es durante los meses de febrero y marzo de 2019.<\/p>\n<p>Se deja en claro que este censo es nacional y corresponde al a\u00f1o pasado. Algunos productores ya lo hicieron en el a\u00f1o 2018 y el mismo se extendi\u00f3 hasta la fecha indicada.<\/p>\n<p>Muchas gracias.<\/p>\n","protected":false},"excerpt":{"rendered":"<p>La Municipalidad de Armstrong informa que se encuentra en vigencia el Censo Nacional Agropecuario 2018. Seg\u00fan solicitud del Instituto de Estad\u00edsticas y Censo de la Provincia de Santa Fe, se comunica a los productores agropecuarios que a\u00fan no realizaron el Censo Nacional, deben comunicarse con el Sr. Santiago Ceballos, de la ciudad de Las Rosas, <a href=\"https:\/\/armstrongyregion.com.ar\/diario\/censo-nacional-agropecuario-2018\/\" title=\"Read more\" >&#8230;<\/a><\/p>\n","protected":false},"author":1,"featured_media":20403,"comment_status":"open","ping_status":"open","sticky":false,"template":"","format":"standard","meta":{"_jetpack_memberships_contains_paid_content":false,"footnotes":"","jetpack_publicize_message":"","jetpack_publicize_feature_enabled":true,"jetpack_social_post_already_shared":false,"jetpack_social_options":{"image_generator_settings":{"template":"highway","default_image_id":0,"enabled":false},"version":2}},"categories":[8,1,2,7,3],"tags":[7578],"class_list":["post-20402","post","type-post","status-publish","format-standard","has-post-thumbnail","hentry","category-deliberando","category-diario-armstrong","category-locales","category-politica","category-region","tag-censo-nacional-agropecuario-2018"],"jetpack_publicize_connections":[],"jetpack_featured_media_url":"https:\/\/armstrongyregion.com.ar\/diario\/wp-content\/uploads\/2019\/02\/censo.jpg","jetpack_shortlink":"https:\/\/wp.me\/p62QDO-5j4","jetpack_sharing_enabled":true,"amp_enabled":true,"_links":{"self":[{"href":"https:\/\/armstrongyregion.com.ar\/diario\/wp-json\/wp\/v2\/posts\/20402","targetHints":{"allow":["GET"]}}],"collection":[{"href":"https:\/\/armstrongyregion.com.ar\/diario\/wp-json\/wp\/v2\/posts"}],"about":[{"href":"https:\/\/armstrongyregion.com.ar\/diario\/wp-json\/wp\/v2\/types\/post"}],"author":[{"embeddable":true,"href":"https:\/\/armstrongyregion.com.ar\/diario\/wp-json\/wp\/v2\/users\/1"}],"replies":[{"embeddable":true,"href":"https:\/\/armstrongyregion.com.ar\/diario\/wp-json\/wp\/v2\/comments?post=20402"}],"version-history":[{"count":0,"href":"https:\/\/armstrongyregion.com.ar\/diario\/wp-json\/wp\/v2\/posts\/20402\/revisions"}],"wp:featuredmedia":[{"embeddable":true,"href":"https:\/\/armstrongyregion.com.ar\/diario\/wp-json\/wp\/v2\/media\/20403"}],"wp:attachment":[{"href":"https:\/\/armstrongyregion.com.ar\/diario\/wp-json\/wp\/v2\/media?parent=20402"}],"wp:term":[{"taxonomy":"category","embeddable":true,"href":"https:\/\/armstrongyregion.com.ar\/diario\/wp-json\/wp\/v2\/categories?post=20402"},{"taxonomy":"post_tag","embeddable":true,"href":"https:\/\/armstrongyregion.com.ar\/diario\/wp-json\/wp\/v2\/tags?post=20402"}],"curies":[{"name":"wp","href":"https:\/\/api.w.org\/{rel}","templated":true}]}}