{"id":20398,"date":"2019-02-18T13:43:40","date_gmt":"2019-02-18T13:43:40","guid":{"rendered":"https:\/\/armstrongyregion.com.ar\/diario\/?p=20398"},"modified":"2019-02-18T13:43:40","modified_gmt":"2019-02-18T13:43:40","slug":"solis-el-gobierno-provincial-sigue-apostando-al-trabajo-y-a-la-produccion-santafesina","status":"publish","type":"post","link":"https:\/\/armstrongyregion.com.ar\/diario\/solis-el-gobierno-provincial-sigue-apostando-al-trabajo-y-a-la-produccion-santafesina\/","title":{"rendered":"Solis: \u00abEl Gobierno provincial sigue apostando al trabajo y a la producci\u00f3n santafesina\u00bb."},"content":{"rendered":"<div dir=\"auto\"><a href=\"http:\/\/armstrongyregion.com.ar\/diario\/wp-content\/uploads\/2019\/02\/Sol\u00eds-equipar-ombu.jpg\"><img loading=\"lazy\" decoding=\"async\" class=\"alignnone size-full wp-image-20399\" src=\"http:\/\/armstrongyregion.com.ar\/diario\/wp-content\/uploads\/2019\/02\/Sol\u00eds-equipar-ombu.jpg\" alt=\"Sol\u00eds-equipar-ombu\" width=\"768\" height=\"512\" srcset=\"https:\/\/armstrongyregion.com.ar\/diario\/wp-content\/uploads\/2019\/02\/Sol\u00eds-equipar-ombu.jpg 768w, https:\/\/armstrongyregion.com.ar\/diario\/wp-content\/uploads\/2019\/02\/Sol\u00eds-equipar-ombu-300x200.jpg 300w\" sizes=\"auto, (max-width: 768px) 100vw, 768px\" \/><\/a>Con la presencia del Ministro de Econom\u00eda, Gonzalo Saglione, se realiz\u00f3 la 2\u00b0 entrega del Plan Equipar II Santa Fe a la firma Omb\u00fa.<\/div>\n<div dir=\"auto\"><\/div>\n<div dir=\"auto\">\u00a0El diputado provincial Miguel Solis acompa\u00f1\u00f3\u00a0 al Ministro de Econom\u00eda del Gobierno de\u00a0 Santa Fe, en la entrega de los fondos del programa \u201cEquipar II Santa Fe\u201d, a la firma Remolque Ombu de la ciudad de Las Parejas.<\/div>\n<div dir=\"auto\"><\/div>\n<div dir=\"auto\">\u00a0 \u00a0 \u00a0 \u00a0 \u00a0 \u00a0 \u00a0 \u00a0 \u00a0 \u00a0 \u00a0 \u00a0 \u00a0 \u00a0 \u00a0 \u00a0<a href=\"http:\/\/armstrongyregion.com.ar\/diario\/wp-content\/uploads\/2019\/02\/Sol\u00eds-ombu-2-.jpg\"><img loading=\"lazy\" decoding=\"async\" class=\"alignnone size-full wp-image-20400\" src=\"http:\/\/armstrongyregion.com.ar\/diario\/wp-content\/uploads\/2019\/02\/Sol\u00eds-ombu-2-.jpg\" alt=\"Sol\u00eds-ombu-2-\" width=\"768\" height=\"512\" srcset=\"https:\/\/armstrongyregion.com.ar\/diario\/wp-content\/uploads\/2019\/02\/Sol\u00eds-ombu-2-.jpg 768w, https:\/\/armstrongyregion.com.ar\/diario\/wp-content\/uploads\/2019\/02\/Sol\u00eds-ombu-2--300x200.jpg 300w\" sizes=\"auto, (max-width: 768px) 100vw, 768px\" \/><\/a> \u00a0\u00a0\u201dEquipar II Santa Fe\u201d es un programa que promueve la renovaci\u00f3n y ampliaci\u00f3n del equipamiento que utilizan los municipios y comunas para realizar obras y brindar servicios p\u00fablicos en sus localidades. Mediante este programa el Gobierno de la provincia realiza la compra centralizada y a escala del equipamiento solicitado por los municipios y comunas.<\/div>\n<div dir=\"auto\"><\/div>\n<div dir=\"auto\">\u00a0En este caso, Remolques Ombu SA, fue\u00a0 la empresa que resultado adjudicada,\u00a0 por un monto que supera los 35 millones de pesos. Como es sabido, los productos de la firma de la ciudad de Las Parejas &#8211; reconocidos a nivel nacional e internacional- son fabricados en toda su linea de producci\u00f3n,\u00a0 por mano de obra local, alrededor de 435 trabajadores.<\/div>\n<div dir=\"auto\"><\/div>\n<div dir=\"auto\">\u201cEl Gobierno de Santa Fe sigue invirtiendo y apostando a las empresas de nuestra ciudad que brindan trabajo a los parejenses; a pesar del contexto de crisis que actualmente atraviesan todos los sectores de la industria nacional y las econom\u00edas regionales por las malas decisiones en materia de pol\u00edtica econ\u00f3mica implementadas por el gobierno nacional\u201d, sostuvo el Diputado Provincial Miguel Solis.<\/div>\n","protected":false},"excerpt":{"rendered":"<p>Con la presencia del Ministro de Econom\u00eda, Gonzalo Saglione, se realiz\u00f3 la 2\u00b0 entrega del Plan Equipar II Santa Fe a la firma Omb\u00fa. \u00a0El diputado provincial Miguel Solis acompa\u00f1\u00f3\u00a0 al Ministro de Econom\u00eda del Gobierno de\u00a0 Santa Fe, en la entrega de los fondos del programa \u201cEquipar II Santa Fe\u201d, a la firma Remolque <a href=\"https:\/\/armstrongyregion.com.ar\/diario\/solis-el-gobierno-provincial-sigue-apostando-al-trabajo-y-a-la-produccion-santafesina\/\" title=\"Read more\" >&#8230;<\/a><\/p>\n","protected":false},"author":1,"featured_media":20399,"comment_status":"open","ping_status":"open","sticky":false,"template":"","format":"standard","meta":{"_jetpack_memberships_contains_paid_content":false,"footnotes":"","jetpack_publicize_message":"","jetpack_publicize_feature_enabled":true,"jetpack_social_post_already_shared":false,"jetpack_social_options":{"image_generator_settings":{"template":"highway","default_image_id":0,"enabled":false},"version":2}},"categories":[8,1,2,7,3],"tags":[7577],"class_list":["post-20398","post","type-post","status-publish","format-standard","has-post-thumbnail","hentry","category-deliberando","category-diario-armstrong","category-locales","category-politica","category-region","tag-solis-el-gobierno-provincial-sigue-apostando-al-trabajo-y-a-la-produccion-santafesina"],"jetpack_publicize_connections":[],"jetpack_featured_media_url":"https:\/\/armstrongyregion.com.ar\/diario\/wp-content\/uploads\/2019\/02\/Sol\u00eds-equipar-ombu.jpg","jetpack_shortlink":"https:\/\/wp.me\/p62QDO-5j0","jetpack_sharing_enabled":true,"amp_enabled":true,"_links":{"self":[{"href":"https:\/\/armstrongyregion.com.ar\/diario\/wp-json\/wp\/v2\/posts\/20398","targetHints":{"allow":["GET"]}}],"collection":[{"href":"https:\/\/armstrongyregion.com.ar\/diario\/wp-json\/wp\/v2\/posts"}],"about":[{"href":"https:\/\/armstrongyregion.com.ar\/diario\/wp-json\/wp\/v2\/types\/post"}],"author":[{"embeddable":true,"href":"https:\/\/armstrongyregion.com.ar\/diario\/wp-json\/wp\/v2\/users\/1"}],"replies":[{"embeddable":true,"href":"https:\/\/armstrongyregion.com.ar\/diario\/wp-json\/wp\/v2\/comments?post=20398"}],"version-history":[{"count":0,"href":"https:\/\/armstrongyregion.com.ar\/diario\/wp-json\/wp\/v2\/posts\/20398\/revisions"}],"wp:featuredmedia":[{"embeddable":true,"href":"https:\/\/armstrongyregion.com.ar\/diario\/wp-json\/wp\/v2\/media\/20399"}],"wp:attachment":[{"href":"https:\/\/armstrongyregion.com.ar\/diario\/wp-json\/wp\/v2\/media?parent=20398"}],"wp:term":[{"taxonomy":"category","embeddable":true,"href":"https:\/\/armstrongyregion.com.ar\/diario\/wp-json\/wp\/v2\/categories?post=20398"},{"taxonomy":"post_tag","embeddable":true,"href":"https:\/\/armstrongyregion.com.ar\/diario\/wp-json\/wp\/v2\/tags?post=20398"}],"curies":[{"name":"wp","href":"https:\/\/api.w.org\/{rel}","templated":true}]}}