{"id":20395,"date":"2019-02-18T13:23:31","date_gmt":"2019-02-18T13:23:31","guid":{"rendered":"https:\/\/armstrongyregion.com.ar\/diario\/?p=20395"},"modified":"2019-02-18T13:23:31","modified_gmt":"2019-02-18T13:23:31","slug":"canada-de-gomez-el-viernes-comienza-la-32-edicion-de-las-tres-lunas","status":"publish","type":"post","link":"https:\/\/armstrongyregion.com.ar\/diario\/canada-de-gomez-el-viernes-comienza-la-32-edicion-de-las-tres-lunas\/","title":{"rendered":"Ca\u00f1ada de G\u00f3mez. El viernes comienza la 32\u00b0 edici\u00f3n de Las Tres Lunas."},"content":{"rendered":"<p style=\"font-weight: 400;\"><a href=\"http:\/\/armstrongyregion.com.ar\/diario\/wp-content\/uploads\/2019\/02\/tre-lunas-19.jpg\"><img loading=\"lazy\" decoding=\"async\" class=\"alignnone size-full wp-image-20396\" src=\"http:\/\/armstrongyregion.com.ar\/diario\/wp-content\/uploads\/2019\/02\/tre-lunas-19.jpg\" alt=\"tre-lunas-19\" width=\"800\" height=\"380\" srcset=\"https:\/\/armstrongyregion.com.ar\/diario\/wp-content\/uploads\/2019\/02\/tre-lunas-19.jpg 800w, https:\/\/armstrongyregion.com.ar\/diario\/wp-content\/uploads\/2019\/02\/tre-lunas-19-300x143.jpg 300w\" sizes=\"auto, (max-width: 800px) 100vw, 800px\" \/><\/a>M\u00e1s de cuarenta artistas de la ciudad y la regi\u00f3n subir\u00e1n al escenario en la 32\u00ba edici\u00f3n del festival. Monchito Merlo, La Barra, Agitando Pa\u00f1uelos (Patricia Sosa, Lito VItale y Juan Carlos Baglietto) y Los Huayra los n\u00fameros centrales de cada noche. Las plateas se venden en Municipalidad y Kw Records.<\/p>\n<p style=\"font-weight: 400;\">\u00a0Las Tres Lunas de Ca\u00f1ada de G\u00f3mez ya tiene su grilla confirmada para la 32\u00ba edici\u00f3n, del 22 al 24 de febrero pr\u00f3ximo, con m\u00e1s de cuarenta artistas de la ciudad y la regi\u00f3n que pasar\u00e1n por el escenario.<\/p>\n<p style=\"font-weight: 400;\">Con una gran apuesta de la comisi\u00f3n organizadora y la gesti\u00f3n municipal, Monchito Merlo, La Barra, Agitando Pa\u00f1uelos (Patricia Sosa, Lito Vitale y Juan Carlos Baglietto) y Los Huayra ser\u00e1n los n\u00fameros centrales de cada noche. Las plateas se venden en municipalidad (Lavalle y Sarmiento) de lunes a viernes de 7 a a 13 h y Kw R\u00e9cords (Ocampo 1024) de 9 a 13 y 17 a 21 hs, siendo el costo 100 pesos para cada noche, mientras que el ingreso al predio es gratuito.<\/p>\n<p style=\"font-weight: 400;\">\n<p style=\"font-weight: 400;\">A continuaci\u00f3n, la grilla sujeta a modificaci\u00f3n:<\/p>\n<p style=\"font-weight: 400;\">VIERNES 22<\/p>\n<p style=\"font-weight: 400;\">Ballet Pe\u00f1a el Amanecer<\/p>\n<p style=\"font-weight: 400;\">Ganador Pre Luna<\/p>\n<p style=\"font-weight: 400;\">Suspenso<\/p>\n<p style=\"font-weight: 400;\">Grupo de Tango Cambalache Milonguero<\/p>\n<p style=\"font-weight: 400;\">Carla Oliva<\/p>\n<p style=\"font-weight: 400;\">Goly Ceriani<\/p>\n<p style=\"font-weight: 400;\">Mariano Villarruel \u2013 Ballet Alma Argentina<\/p>\n<p style=\"font-weight: 400;\">Ballet Mi Ciudad y el Folklore<\/p>\n<p style=\"font-weight: 400;\">Lo Funebreero<\/p>\n<p style=\"font-weight: 400;\">Ballet Danza Con Alma<\/p>\n<p style=\"font-weight: 400;\">Monchito Merlo<\/p>\n<p style=\"font-weight: 400;\">Daniel Orellano<\/p>\n<p style=\"font-weight: 400;\">La Barra<\/p>\n<p style=\"font-weight: 400;\">\n<p style=\"font-weight: 400;\">SABADO 23<\/p>\n<p style=\"font-weight: 400;\">Ganador Pre Luna<\/p>\n<p style=\"font-weight: 400;\">Confusi\u00f3n<\/p>\n<p style=\"font-weight: 400;\">Academia Club Sarmiento<\/p>\n<p style=\"font-weight: 400;\">Manu \u00c1lvarez<\/p>\n<p style=\"font-weight: 400;\">Nacor Arauco<\/p>\n<p style=\"font-weight: 400;\">Ballet ca\u00f1ada de G\u00f3mez<\/p>\n<p style=\"font-weight: 400;\">Orquesta Municipal de Tango<\/p>\n<p style=\"font-weight: 400;\">Baglietto \u2013 Vitale \u2013 Sosa<\/p>\n<p style=\"font-weight: 400;\">Sue\u00f1os del Carcara\u00f1a<\/p>\n<p style=\"font-weight: 400;\">Diego Alomo<\/p>\n<p style=\"font-weight: 400;\">Ballet de Bustinza<\/p>\n<p style=\"font-weight: 400;\">\n<p style=\"font-weight: 400;\">\n<p style=\"font-weight: 400;\">DOMINGO 24<\/p>\n<p style=\"font-weight: 400;\">Ballet El Ch\u00facaro<\/p>\n<p style=\"font-weight: 400;\">Juanma Mauro<\/p>\n<p style=\"font-weight: 400;\">Ballet Nuevo Amanecer<\/p>\n<p style=\"font-weight: 400;\">Carga Pesada<\/p>\n<p style=\"font-weight: 400;\">German Staffolani<\/p>\n<p style=\"font-weight: 400;\">Franco Massignani<\/p>\n<p style=\"font-weight: 400;\">Julieta Marucco<\/p>\n<p style=\"font-weight: 400;\">Los Huayra<\/p>\n","protected":false},"excerpt":{"rendered":"<p>M\u00e1s de cuarenta artistas de la ciudad y la regi\u00f3n subir\u00e1n al escenario en la 32\u00ba edici\u00f3n del festival. Monchito Merlo, La Barra, Agitando Pa\u00f1uelos (Patricia Sosa, Lito VItale y Juan Carlos Baglietto) y Los Huayra los n\u00fameros centrales de cada noche. Las plateas se venden en Municipalidad y Kw Records. \u00a0Las Tres Lunas de <a href=\"https:\/\/armstrongyregion.com.ar\/diario\/canada-de-gomez-el-viernes-comienza-la-32-edicion-de-las-tres-lunas\/\" title=\"Read more\" >&#8230;<\/a><\/p>\n","protected":false},"author":1,"featured_media":20396,"comment_status":"open","ping_status":"open","sticky":false,"template":"","format":"standard","meta":{"_jetpack_memberships_contains_paid_content":false,"footnotes":"","jetpack_publicize_message":"","jetpack_publicize_feature_enabled":true,"jetpack_social_post_already_shared":false,"jetpack_social_options":{"image_generator_settings":{"template":"highway","default_image_id":0,"enabled":false},"version":2}},"categories":[6,1,7,3],"tags":[7576],"class_list":["post-20395","post","type-post","status-publish","format-standard","has-post-thumbnail","hentry","category-cultura-entretenimiento","category-diario-armstrong","category-politica","category-region","tag-canada-de-gomez-el-viernes-comienza-la-32-edicion-de-las-tres-lunas"],"jetpack_publicize_connections":[],"jetpack_featured_media_url":"https:\/\/armstrongyregion.com.ar\/diario\/wp-content\/uploads\/2019\/02\/tre-lunas-19.jpg","jetpack_shortlink":"https:\/\/wp.me\/p62QDO-5iX","jetpack_sharing_enabled":true,"amp_enabled":true,"_links":{"self":[{"href":"https:\/\/armstrongyregion.com.ar\/diario\/wp-json\/wp\/v2\/posts\/20395","targetHints":{"allow":["GET"]}}],"collection":[{"href":"https:\/\/armstrongyregion.com.ar\/diario\/wp-json\/wp\/v2\/posts"}],"about":[{"href":"https:\/\/armstrongyregion.com.ar\/diario\/wp-json\/wp\/v2\/types\/post"}],"author":[{"embeddable":true,"href":"https:\/\/armstrongyregion.com.ar\/diario\/wp-json\/wp\/v2\/users\/1"}],"replies":[{"embeddable":true,"href":"https:\/\/armstrongyregion.com.ar\/diario\/wp-json\/wp\/v2\/comments?post=20395"}],"version-history":[{"count":0,"href":"https:\/\/armstrongyregion.com.ar\/diario\/wp-json\/wp\/v2\/posts\/20395\/revisions"}],"wp:featuredmedia":[{"embeddable":true,"href":"https:\/\/armstrongyregion.com.ar\/diario\/wp-json\/wp\/v2\/media\/20396"}],"wp:attachment":[{"href":"https:\/\/armstrongyregion.com.ar\/diario\/wp-json\/wp\/v2\/media?parent=20395"}],"wp:term":[{"taxonomy":"category","embeddable":true,"href":"https:\/\/armstrongyregion.com.ar\/diario\/wp-json\/wp\/v2\/categories?post=20395"},{"taxonomy":"post_tag","embeddable":true,"href":"https:\/\/armstrongyregion.com.ar\/diario\/wp-json\/wp\/v2\/tags?post=20395"}],"curies":[{"name":"wp","href":"https:\/\/api.w.org\/{rel}","templated":true}]}}