{"id":2038,"date":"2015-05-06T15:24:20","date_gmt":"2015-05-06T15:24:20","guid":{"rendered":"https:\/\/armstrongyregion.com.ar\/diario\/?p=2038"},"modified":"2015-05-06T15:24:20","modified_gmt":"2015-05-06T15:24:20","slug":"vecino-de-%c2%a8suenos-del-sur%c2%a8-reclama-en-el-concejo","status":"publish","type":"post","link":"https:\/\/armstrongyregion.com.ar\/diario\/vecino-de-%c2%a8suenos-del-sur%c2%a8-reclama-en-el-concejo\/","title":{"rendered":"Vecino de \u00a8Sue\u00f1os del Sur\u00a8 reclama en el concejo."},"content":{"rendered":"<p><a href=\"http:\/\/armstrongyregion.com.ar\/diario\/wp-content\/uploads\/2015\/05\/CAM00329.jpg\"><img loading=\"lazy\" decoding=\"async\" src=\"http:\/\/armstrongyregion.com.ar\/diario\/wp-content\/uploads\/2015\/05\/CAM00329-300x255.jpg\" alt=\"Luciano Armoa\" width=\"300\" height=\"255\" class=\"alignnone size-medium wp-image-2039\" srcset=\"https:\/\/armstrongyregion.com.ar\/diario\/wp-content\/uploads\/2015\/05\/CAM00329-300x255.jpg 300w, https:\/\/armstrongyregion.com.ar\/diario\/wp-content\/uploads\/2015\/05\/CAM00329-1024x873.jpg 1024w, https:\/\/armstrongyregion.com.ar\/diario\/wp-content\/uploads\/2015\/05\/CAM00329.jpg 1836w\" sizes=\"auto, (max-width: 300px) 100vw, 300px\" \/><\/a>En la noche de hoy, al t\u00e9rmino de la sesi\u00f3n, se presento ante el cuerpo deliberativo, un Vecino del barrio Sue\u00f1os del Sur quien reclama que el municipio no realiza el cord\u00f3n cuneta, mejorado, luminarias, etc. y que tampoco el Desarrollador Privado, ha cumplido con el contrato.<br \/>\nLuciano Armoa,  quien se present\u00f3 ante los ediles, sobre el reclamo manifest\u00f3: \u201cEstuvimos hablando con el desarrollador, ha pasado un a\u00f1o y medio y vemos que las obras no avanzan, la plata ya se cobr\u00f3 y tenemos miedo que la inflaci\u00f3n se la coma perdiendo valor adquisitivo para las obras que se tienen que hacer.\u201d<br \/>\nAl referirle que el presidente del concejo, manifest\u00f3 que ese emprendimiento es privado y porque recurri\u00f3 al concejo, respondi\u00f3: \u201cSi es un desarrollo privado, pero no estamos hablando de una casa, hacemos referencia a que es una calle, un cantero central, lo que es parqueado, lo que es iluminaci\u00f3n, todo esto es publico y creemos que la municipalidad no puede estar ajeno a eso, lo tiene que estar apoyando.\u201d<br \/>\nSe le consulto que otras cosas le hacen falta al barrio expresando: \u201cfalta estabilizado, pero m\u00e1s que nada terminar las calles y tirar el ripio y terminar de forma correcta, no lo que el privado quiere sino como se deber\u00eda hacer y es all\u00ed donde la municipalidad debe estar presente.\u201d<br \/>\nSobre el desarrollador se le consult\u00f3 si hab\u00eda cumplido con todo lo que estaba establecido Armoa, afirm\u00f3: \u201cNo, el cord\u00f3n cuneta se hizo pero falta lo que es ripiado.\u201d<br \/>\nEl vecino mencion\u00f3 que aun no han iniciado acciones legales, pero agreg\u00f3 \u201ccomo vecinos tratamos de dejar pasar las elecciones, para no partidizar este tema, pero si no vemos que lo hacemos publico esto no avanza\u201d.<\/p>\n","protected":false},"excerpt":{"rendered":"<p>En la noche de hoy, al t\u00e9rmino de la sesi\u00f3n, se presento ante el cuerpo deliberativo, un Vecino del barrio Sue\u00f1os del Sur quien reclama que el municipio no realiza el cord\u00f3n cuneta, mejorado, luminarias, etc. y que tampoco el Desarrollador Privado, ha cumplido con el contrato. Luciano Armoa, quien se present\u00f3 ante los ediles, <a href=\"https:\/\/armstrongyregion.com.ar\/diario\/vecino-de-%c2%a8suenos-del-sur%c2%a8-reclama-en-el-concejo\/\" title=\"Read more\" >&#8230;<\/a><\/p>\n","protected":false},"author":2,"featured_media":2039,"comment_status":"open","ping_status":"open","sticky":false,"template":"","format":"standard","meta":{"_jetpack_memberships_contains_paid_content":false,"footnotes":"","jetpack_publicize_message":"","jetpack_publicize_feature_enabled":true,"jetpack_social_post_already_shared":false,"jetpack_social_options":{"image_generator_settings":{"template":"highway","default_image_id":0,"enabled":false},"version":2}},"categories":[1,2],"tags":[868,19,53,16,15,1629,1627,1628,1626],"class_list":["post-2038","post","type-post","status-publish","format-standard","has-post-thumbnail","hentry","category-diario-armstrong","category-locales","tag-concejo","tag-de","tag-del","tag-el","tag-en","tag-reclama","tag-suenos","tag-sur","tag-vecino"],"jetpack_publicize_connections":[],"jetpack_featured_media_url":"https:\/\/armstrongyregion.com.ar\/diario\/wp-content\/uploads\/2015\/05\/CAM00329.jpg","jetpack_shortlink":"https:\/\/wp.me\/p62QDO-wS","jetpack_sharing_enabled":true,"amp_enabled":true,"_links":{"self":[{"href":"https:\/\/armstrongyregion.com.ar\/diario\/wp-json\/wp\/v2\/posts\/2038","targetHints":{"allow":["GET"]}}],"collection":[{"href":"https:\/\/armstrongyregion.com.ar\/diario\/wp-json\/wp\/v2\/posts"}],"about":[{"href":"https:\/\/armstrongyregion.com.ar\/diario\/wp-json\/wp\/v2\/types\/post"}],"author":[{"embeddable":true,"href":"https:\/\/armstrongyregion.com.ar\/diario\/wp-json\/wp\/v2\/users\/2"}],"replies":[{"embeddable":true,"href":"https:\/\/armstrongyregion.com.ar\/diario\/wp-json\/wp\/v2\/comments?post=2038"}],"version-history":[{"count":0,"href":"https:\/\/armstrongyregion.com.ar\/diario\/wp-json\/wp\/v2\/posts\/2038\/revisions"}],"wp:featuredmedia":[{"embeddable":true,"href":"https:\/\/armstrongyregion.com.ar\/diario\/wp-json\/wp\/v2\/media\/2039"}],"wp:attachment":[{"href":"https:\/\/armstrongyregion.com.ar\/diario\/wp-json\/wp\/v2\/media?parent=2038"}],"wp:term":[{"taxonomy":"category","embeddable":true,"href":"https:\/\/armstrongyregion.com.ar\/diario\/wp-json\/wp\/v2\/categories?post=2038"},{"taxonomy":"post_tag","embeddable":true,"href":"https:\/\/armstrongyregion.com.ar\/diario\/wp-json\/wp\/v2\/tags?post=2038"}],"curies":[{"name":"wp","href":"https:\/\/api.w.org\/{rel}","templated":true}]}}