{"id":20349,"date":"2019-02-13T12:53:24","date_gmt":"2019-02-13T12:53:24","guid":{"rendered":"https:\/\/armstrongyregion.com.ar\/diario\/?p=20349"},"modified":"2019-02-13T12:53:24","modified_gmt":"2019-02-13T12:53:24","slug":"canada-de-gomez-3ra-feria-agroecologica-campesina","status":"publish","type":"post","link":"https:\/\/armstrongyregion.com.ar\/diario\/canada-de-gomez-3ra-feria-agroecologica-campesina\/","title":{"rendered":"Ca\u00f1ada de G\u00f3mez. 3ra. Feria Agroecol\u00f3gica Campesina."},"content":{"rendered":"<p><a href=\"http:\/\/armstrongyregion.com.ar\/diario\/wp-content\/uploads\/2017\/07\/frutas-.jpg\"><img loading=\"lazy\" decoding=\"async\" class=\"alignnone size-full wp-image-13861\" src=\"http:\/\/armstrongyregion.com.ar\/diario\/wp-content\/uploads\/2017\/07\/frutas-.jpg\" alt=\"frutas-\" width=\"768\" height=\"477\" srcset=\"https:\/\/armstrongyregion.com.ar\/diario\/wp-content\/uploads\/2017\/07\/frutas-.jpg 768w, https:\/\/armstrongyregion.com.ar\/diario\/wp-content\/uploads\/2017\/07\/frutas--300x186.jpg 300w\" sizes=\"auto, (max-width: 768px) 100vw, 768px\" \/><\/a>Desde el Colectivo Basta de Fumigarnos de Ca\u00f1ada de G\u00f3mez queremos invitar a los vecinos de la ciudad y alrededores, a participar de la \u201c3ra Feria Agroecol\u00f3gica Campesina\u201d.<\/p>\n<p>Dicha Feria se realizar\u00e1 el dia <strong>17 de febrero de 2019 a las 18<\/strong>, en el Parque del Barrio Ferroviario (20 de Junio y Guido Spano), contaremos con la presencia de disertantes de la zona, m\u00fasica en vivo y feriantes de productos agroecol\u00f3gicos.<\/p>\n<p>Ac\u00e9rquese a debatir, intercambiar saberes y sabores, y a conocer otra manera de producir y de alimentarse.<\/p>\n<p>Como grupo de vecinos autoconvocados esperamos sumar voluntades para llevar adelante acciones tendientes a mejorar nuestra calidad de vida.<\/p>\n","protected":false},"excerpt":{"rendered":"<p>Desde el Colectivo Basta de Fumigarnos de Ca\u00f1ada de G\u00f3mez queremos invitar a los vecinos de la ciudad y alrededores, a participar de la \u201c3ra Feria Agroecol\u00f3gica Campesina\u201d. Dicha Feria se realizar\u00e1 el dia 17 de febrero de 2019 a las 18, en el Parque del Barrio Ferroviario (20 de Junio y Guido Spano), contaremos <a href=\"https:\/\/armstrongyregion.com.ar\/diario\/canada-de-gomez-3ra-feria-agroecologica-campesina\/\" title=\"Read more\" >&#8230;<\/a><\/p>\n","protected":false},"author":1,"featured_media":13861,"comment_status":"open","ping_status":"open","sticky":false,"template":"","format":"standard","meta":{"_jetpack_memberships_contains_paid_content":false,"footnotes":"","jetpack_publicize_message":"","jetpack_publicize_feature_enabled":true,"jetpack_social_post_already_shared":false,"jetpack_social_options":{"image_generator_settings":{"template":"highway","default_image_id":0,"enabled":false},"version":2}},"categories":[6,1,7,3],"tags":[7559],"class_list":["post-20349","post","type-post","status-publish","format-standard","has-post-thumbnail","hentry","category-cultura-entretenimiento","category-diario-armstrong","category-politica","category-region","tag-3ra-feria-agroecologica-campesina"],"jetpack_publicize_connections":[],"jetpack_featured_media_url":"https:\/\/armstrongyregion.com.ar\/diario\/wp-content\/uploads\/2017\/07\/frutas-.jpg","jetpack_shortlink":"https:\/\/wp.me\/p62QDO-5id","jetpack_sharing_enabled":true,"amp_enabled":true,"_links":{"self":[{"href":"https:\/\/armstrongyregion.com.ar\/diario\/wp-json\/wp\/v2\/posts\/20349","targetHints":{"allow":["GET"]}}],"collection":[{"href":"https:\/\/armstrongyregion.com.ar\/diario\/wp-json\/wp\/v2\/posts"}],"about":[{"href":"https:\/\/armstrongyregion.com.ar\/diario\/wp-json\/wp\/v2\/types\/post"}],"author":[{"embeddable":true,"href":"https:\/\/armstrongyregion.com.ar\/diario\/wp-json\/wp\/v2\/users\/1"}],"replies":[{"embeddable":true,"href":"https:\/\/armstrongyregion.com.ar\/diario\/wp-json\/wp\/v2\/comments?post=20349"}],"version-history":[{"count":0,"href":"https:\/\/armstrongyregion.com.ar\/diario\/wp-json\/wp\/v2\/posts\/20349\/revisions"}],"wp:featuredmedia":[{"embeddable":true,"href":"https:\/\/armstrongyregion.com.ar\/diario\/wp-json\/wp\/v2\/media\/13861"}],"wp:attachment":[{"href":"https:\/\/armstrongyregion.com.ar\/diario\/wp-json\/wp\/v2\/media?parent=20349"}],"wp:term":[{"taxonomy":"category","embeddable":true,"href":"https:\/\/armstrongyregion.com.ar\/diario\/wp-json\/wp\/v2\/categories?post=20349"},{"taxonomy":"post_tag","embeddable":true,"href":"https:\/\/armstrongyregion.com.ar\/diario\/wp-json\/wp\/v2\/tags?post=20349"}],"curies":[{"name":"wp","href":"https:\/\/api.w.org\/{rel}","templated":true}]}}