{"id":20329,"date":"2019-02-12T14:54:37","date_gmt":"2019-02-12T14:54:37","guid":{"rendered":"https:\/\/armstrongyregion.com.ar\/diario\/?p=20329"},"modified":"2019-02-12T14:54:37","modified_gmt":"2019-02-12T14:54:37","slug":"canada-de-gomez-fallecio-el-ex-senador-provincial-norberto-betique","status":"publish","type":"post","link":"https:\/\/armstrongyregion.com.ar\/diario\/canada-de-gomez-fallecio-el-ex-senador-provincial-norberto-betique\/","title":{"rendered":"Ca\u00f1ada de G\u00f3mez: falleci\u00f3 el ex senador provincial Norberto Betique."},"content":{"rendered":"<p><a href=\"http:\/\/armstrongyregion.com.ar\/diario\/wp-content\/uploads\/2019\/02\/Betique.jpg\"><img loading=\"lazy\" decoding=\"async\" class=\"alignnone size-full wp-image-20330\" src=\"http:\/\/armstrongyregion.com.ar\/diario\/wp-content\/uploads\/2019\/02\/Betique.jpg\" alt=\"Betique\" width=\"600\" height=\"605\" srcset=\"https:\/\/armstrongyregion.com.ar\/diario\/wp-content\/uploads\/2019\/02\/Betique.jpg 600w, https:\/\/armstrongyregion.com.ar\/diario\/wp-content\/uploads\/2019\/02\/Betique-150x150.jpg 150w, https:\/\/armstrongyregion.com.ar\/diario\/wp-content\/uploads\/2019\/02\/Betique-298x300.jpg 298w, https:\/\/armstrongyregion.com.ar\/diario\/wp-content\/uploads\/2019\/02\/Betique-144x144.jpg 144w\" sizes=\"auto, (max-width: 600px) 100vw, 600px\" \/><\/a>El Partido Justicialista del departamento Iriondo emiti\u00f3 un comunicado lamentando su deceso.<\/p>\n<p><strong>Comunicado del Partido Justicialista<br \/>\n<\/strong><strong>Fallecimiento del ex senador provincial Norberto Betique<\/strong><\/p>\n<p>El Partido Justicialista del Departamento Iriondo lamenta el fallecimiento de qui\u00e9n fuera cinco veces senador provincial.\u00a0Noberto Betique, fue adem\u00e1s concejal de la ciudad de Ca\u00f1ada de G\u00f3mez, y durante diecis\u00e9is a\u00f1os presidente pro tempore del Senado Provincial, ocupando interinamente la gobernaci\u00f3n en reiteradas oportunidades cuando Reutemann, Obeid o Binner con sus vicegobernadores, sal\u00edan del pa\u00eds o de la provincia.<\/p>\n<p>Desde el partido enviamos un fraternal abrazo a sus familiares y amigos.<br \/>\nFabian Ballori Sec. Adjunto<br \/>\nMarcelo Cogno Sec. General<\/p>\n","protected":false},"excerpt":{"rendered":"<p>El Partido Justicialista del departamento Iriondo emiti\u00f3 un comunicado lamentando su deceso. Comunicado del Partido Justicialista Fallecimiento del ex senador provincial Norberto Betique El Partido Justicialista del Departamento Iriondo lamenta el fallecimiento de qui\u00e9n fuera cinco veces senador provincial.\u00a0Noberto Betique, fue adem\u00e1s concejal de la ciudad de Ca\u00f1ada de G\u00f3mez, y durante diecis\u00e9is a\u00f1os presidente <a href=\"https:\/\/armstrongyregion.com.ar\/diario\/canada-de-gomez-fallecio-el-ex-senador-provincial-norberto-betique\/\" title=\"Read more\" >&#8230;<\/a><\/p>\n","protected":false},"author":1,"featured_media":20330,"comment_status":"open","ping_status":"open","sticky":false,"template":"","format":"standard","meta":{"_jetpack_memberships_contains_paid_content":false,"footnotes":"","jetpack_publicize_message":"","jetpack_publicize_feature_enabled":true,"jetpack_social_post_already_shared":false,"jetpack_social_options":{"image_generator_settings":{"template":"highway","default_image_id":0,"enabled":false},"version":2}},"categories":[8,1,7,3],"tags":[7553],"class_list":["post-20329","post","type-post","status-publish","format-standard","has-post-thumbnail","hentry","category-deliberando","category-diario-armstrong","category-politica","category-region","tag-canada-de-gomez-fallecio-el-ex-senador-provincial-norberto-betique"],"jetpack_publicize_connections":[],"jetpack_featured_media_url":"https:\/\/armstrongyregion.com.ar\/diario\/wp-content\/uploads\/2019\/02\/Betique.jpg","jetpack_shortlink":"https:\/\/wp.me\/p62QDO-5hT","jetpack_sharing_enabled":true,"amp_enabled":true,"_links":{"self":[{"href":"https:\/\/armstrongyregion.com.ar\/diario\/wp-json\/wp\/v2\/posts\/20329","targetHints":{"allow":["GET"]}}],"collection":[{"href":"https:\/\/armstrongyregion.com.ar\/diario\/wp-json\/wp\/v2\/posts"}],"about":[{"href":"https:\/\/armstrongyregion.com.ar\/diario\/wp-json\/wp\/v2\/types\/post"}],"author":[{"embeddable":true,"href":"https:\/\/armstrongyregion.com.ar\/diario\/wp-json\/wp\/v2\/users\/1"}],"replies":[{"embeddable":true,"href":"https:\/\/armstrongyregion.com.ar\/diario\/wp-json\/wp\/v2\/comments?post=20329"}],"version-history":[{"count":0,"href":"https:\/\/armstrongyregion.com.ar\/diario\/wp-json\/wp\/v2\/posts\/20329\/revisions"}],"wp:featuredmedia":[{"embeddable":true,"href":"https:\/\/armstrongyregion.com.ar\/diario\/wp-json\/wp\/v2\/media\/20330"}],"wp:attachment":[{"href":"https:\/\/armstrongyregion.com.ar\/diario\/wp-json\/wp\/v2\/media?parent=20329"}],"wp:term":[{"taxonomy":"category","embeddable":true,"href":"https:\/\/armstrongyregion.com.ar\/diario\/wp-json\/wp\/v2\/categories?post=20329"},{"taxonomy":"post_tag","embeddable":true,"href":"https:\/\/armstrongyregion.com.ar\/diario\/wp-json\/wp\/v2\/tags?post=20329"}],"curies":[{"name":"wp","href":"https:\/\/api.w.org\/{rel}","templated":true}]}}