{"id":20307,"date":"2019-02-10T15:46:50","date_gmt":"2019-02-10T15:46:50","guid":{"rendered":"https:\/\/armstrongyregion.com.ar\/diario\/?p=20307"},"modified":"2019-02-10T15:46:50","modified_gmt":"2019-02-10T15:46:50","slug":"giaccone-el-proyecto-ensenanza-del-folklore-en-las-escuelas-debe-enviarse-a-sesiones-extraordinarias","status":"publish","type":"post","link":"https:\/\/armstrongyregion.com.ar\/diario\/giaccone-el-proyecto-ensenanza-del-folklore-en-las-escuelas-debe-enviarse-a-sesiones-extraordinarias\/","title":{"rendered":"Giaccone: \u201cEl proyecto \u2018Ense\u00f1anza del Folklore en las Escuelas\u2019 debe enviarse a Sesiones Extraordinarias\u201d."},"content":{"rendered":"<p><a href=\"http:\/\/armstrongyregion.com.ar\/diario\/wp-content\/uploads\/2019\/02\/giaccone-ley-folclore.jpg\"><img loading=\"lazy\" decoding=\"async\" class=\"alignnone size-full wp-image-20308\" src=\"http:\/\/armstrongyregion.com.ar\/diario\/wp-content\/uploads\/2019\/02\/giaccone-ley-folclore.jpg\" alt=\"giaccone-ley-folclore\" width=\"768\" height=\"512\" srcset=\"https:\/\/armstrongyregion.com.ar\/diario\/wp-content\/uploads\/2019\/02\/giaccone-ley-folclore.jpg 768w, https:\/\/armstrongyregion.com.ar\/diario\/wp-content\/uploads\/2019\/02\/giaccone-ley-folclore-300x200.jpg 300w\" sizes=\"auto, (max-width: 768px) 100vw, 768px\" \/><\/a>Giaccone: \u201cUrge que el gobernador Lifschitz \u00a0env\u00ede el proyecto \u2018Ense\u00f1anza del Folklore en las Escuelas\u2019 a Sesiones Extraordinarias\u201d.<\/p>\n<p>La diputada provincial Claudia Giaccone envi\u00f3 nota al Gobernador Miguel Lifschitz, solicitando incluya en la Sesiones Extraordinarias de la Legislatura de Santa Fe el proyecto \u201cIncorporaci\u00f3n del Folklore en la Curr\u00edcula Escolar\u201d. El mismo es de autor\u00eda de la diputada y cuenta ya con media sanci\u00f3n de la C\u00e1mara de Diputados, requiriendo su tratamiento y aprobaci\u00f3n en el Senado santafesino.<\/p>\n<p>La diputada explic\u00f3 que\u00a0<em>\u201curge su tratamiento en Extraordinarias, ya que de no tratarse antes del inicio de las Sesiones Ordinarias perder\u00e1 estado parlamentario y la propuesta deber\u00e1 ser presentada nuevamente, con las consiguientes demoras\u201d.<\/em><\/p>\n<p><em>\u201cLa ense\u00f1anza del folklore en las escuelas es un reclamo de larga data de distintos estamentos de nuestra sociedad, como son la comunidad educativa en general, artistas de toda \u00edndole y diversos organizaciones del \u00e1mbito de la cultura\u201d,\u00a0<\/em>expresa la legisladora.\u00a0<em>\u201cDe convertirse en ley este proyecto nuestro sistema educativo, junto con todos sus actores, alumnos, docentes y la comunidad toda, se ver\u00e1 enriquecido preservando y difundiendo ese patrimonio ancestral que encierra el genuino saber popular\u201d.<\/em><\/p>\n<p><em>\u00a0\u201cEsta ley ser\u00e1 un logro de muchos, porque muchos son los que trabajan cada d\u00eda para sostener nuestra argentinidad y que aspiran a que todo ese c\u00famulo de historia, m\u00fasica, danza y tradici\u00f3n llegue a nuestros ni\u00f1os. Porque conoci\u00e9ndolo aprender\u00e1n a quererlo. Ser\u00e1 un d\u00eda alegre para todos cuando el Senado le de sanci\u00f3n completa a la ley\u201d,<\/em>\u00a0concluy\u00f3 Giaccone.<\/p>\n<p>Record\u00f3 que otras provincias argentinas, como Santiago del Estero, San Juan, Formosa y Misiones, ya cuentan con la ense\u00f1anza del folklore incorporada a la curr\u00edcula de la escuelas.<\/p>\n<p>&nbsp;<\/p>\n<p>&nbsp;<\/p>\n","protected":false},"excerpt":{"rendered":"<p>Giaccone: \u201cUrge que el gobernador Lifschitz \u00a0env\u00ede el proyecto \u2018Ense\u00f1anza del Folklore en las Escuelas\u2019 a Sesiones Extraordinarias\u201d. La diputada provincial Claudia Giaccone envi\u00f3 nota al Gobernador Miguel Lifschitz, solicitando incluya en la Sesiones Extraordinarias de la Legislatura de Santa Fe el proyecto \u201cIncorporaci\u00f3n del Folklore en la Curr\u00edcula Escolar\u201d. El mismo es de autor\u00eda <a href=\"https:\/\/armstrongyregion.com.ar\/diario\/giaccone-el-proyecto-ensenanza-del-folklore-en-las-escuelas-debe-enviarse-a-sesiones-extraordinarias\/\" title=\"Read more\" >&#8230;<\/a><\/p>\n","protected":false},"author":1,"featured_media":20308,"comment_status":"open","ping_status":"open","sticky":false,"template":"","format":"standard","meta":{"_jetpack_memberships_contains_paid_content":false,"footnotes":"","jetpack_publicize_message":"","jetpack_publicize_feature_enabled":true,"jetpack_social_post_already_shared":false,"jetpack_social_options":{"image_generator_settings":{"template":"highway","default_image_id":0,"enabled":false},"version":2}},"categories":[6,8,1,7],"tags":[20,19,7548,1019,7547,4031,388,13],"class_list":["post-20307","post","type-post","status-publish","format-standard","has-post-thumbnail","hentry","category-cultura-entretenimiento","category-deliberando","category-diario-armstrong","category-politica","tag-armstrong","tag-de","tag-folclore","tag-giaccone","tag-giaccone-el-proyecto-ensenanza-del-folklore-en-las-escuelas-debe-enviarse-a-sesiones-extraordinarias","tag-ley","tag-region-2","tag-y"],"jetpack_publicize_connections":[],"jetpack_featured_media_url":"https:\/\/armstrongyregion.com.ar\/diario\/wp-content\/uploads\/2019\/02\/giaccone-ley-folclore.jpg","jetpack_shortlink":"https:\/\/wp.me\/p62QDO-5hx","jetpack_sharing_enabled":true,"amp_enabled":true,"_links":{"self":[{"href":"https:\/\/armstrongyregion.com.ar\/diario\/wp-json\/wp\/v2\/posts\/20307","targetHints":{"allow":["GET"]}}],"collection":[{"href":"https:\/\/armstrongyregion.com.ar\/diario\/wp-json\/wp\/v2\/posts"}],"about":[{"href":"https:\/\/armstrongyregion.com.ar\/diario\/wp-json\/wp\/v2\/types\/post"}],"author":[{"embeddable":true,"href":"https:\/\/armstrongyregion.com.ar\/diario\/wp-json\/wp\/v2\/users\/1"}],"replies":[{"embeddable":true,"href":"https:\/\/armstrongyregion.com.ar\/diario\/wp-json\/wp\/v2\/comments?post=20307"}],"version-history":[{"count":0,"href":"https:\/\/armstrongyregion.com.ar\/diario\/wp-json\/wp\/v2\/posts\/20307\/revisions"}],"wp:featuredmedia":[{"embeddable":true,"href":"https:\/\/armstrongyregion.com.ar\/diario\/wp-json\/wp\/v2\/media\/20308"}],"wp:attachment":[{"href":"https:\/\/armstrongyregion.com.ar\/diario\/wp-json\/wp\/v2\/media?parent=20307"}],"wp:term":[{"taxonomy":"category","embeddable":true,"href":"https:\/\/armstrongyregion.com.ar\/diario\/wp-json\/wp\/v2\/categories?post=20307"},{"taxonomy":"post_tag","embeddable":true,"href":"https:\/\/armstrongyregion.com.ar\/diario\/wp-json\/wp\/v2\/tags?post=20307"}],"curies":[{"name":"wp","href":"https:\/\/api.w.org\/{rel}","templated":true}]}}