{"id":20301,"date":"2019-02-08T20:52:38","date_gmt":"2019-02-08T20:52:38","guid":{"rendered":"https:\/\/armstrongyregion.com.ar\/diario\/?p=20301"},"modified":"2019-02-08T20:52:38","modified_gmt":"2019-02-08T20:52:38","slug":"el-juez-bonadio-proceso-a-92-intendentes-por-supuesto-fraude-con-fondos-publicos","status":"publish","type":"post","link":"https:\/\/armstrongyregion.com.ar\/diario\/el-juez-bonadio-proceso-a-92-intendentes-por-supuesto-fraude-con-fondos-publicos\/","title":{"rendered":"El juez Bonadio proces\u00f3 a 92 intendentes por supuesto fraude con fondos p\u00fablicos."},"content":{"rendered":"<p><a href=\"http:\/\/armstrongyregion.com.ar\/diario\/wp-content\/uploads\/2019\/02\/Bonadio-Juez.jpg\"><img loading=\"lazy\" decoding=\"async\" class=\"alignnone size-full wp-image-20302\" src=\"http:\/\/armstrongyregion.com.ar\/diario\/wp-content\/uploads\/2019\/02\/Bonadio-Juez.jpg\" alt=\"Bonadio-Juez\" width=\"768\" height=\"432\" srcset=\"https:\/\/armstrongyregion.com.ar\/diario\/wp-content\/uploads\/2019\/02\/Bonadio-Juez.jpg 768w, https:\/\/armstrongyregion.com.ar\/diario\/wp-content\/uploads\/2019\/02\/Bonadio-Juez-300x169.jpg 300w\" sizes=\"auto, (max-width: 768px) 100vw, 768px\" \/><\/a>Se trata de una causa que investiga una malversaci\u00f3n de las arcas del Tesoro entre 2013 y 2015 para que distintas municipalidades de todo el pa\u00eds llevaran adelante tratamientos de residuos. Tres ex jefes de Gabinete kirchneristas ya estaban procesados.<\/p>\n<div class=\"row pb-content-type-text\">\n<div class=\"col-xs-12 col-print-12\">\n<p class=\"element element-paragraph\"><strong>Casi<\/strong>\u00a0<strong>un centenar de intendentes<\/strong>\u00a0<strong>de todo el pa\u00eds quedaron procesado<\/strong>s hoy en una causa que investiga una malversaci\u00f3n de las arcas del Tesoro entre 2013 y 2015 para que distintas municipalidades llevaran adelante tratamientos de residuos s\u00f3lidos urbanos, es decir, la basura que se genera en cada casa.<\/p>\n<div id=\"hybs-mslot-2fd2b8cf-0\" class=\"hybs-mslot\"><\/div>\n<\/div>\n<\/div>\n<div class=\"row pb-content-type-text\">\n<div class=\"col-xs-12 col-print-12\">\n<p class=\"element element-paragraph\">En la causa\u00a0<a href=\"https:\/\/www.infobae.com\/politica\/2018\/11\/09\/anibal-fernandez-capitanich-y-abal-medina-procesados-por-supuesto-fraude-en-el-manejo-de-una-caja-millonaria\/\">ya estaban procesados<\/a>\u00a0los ex jefes de Gabinete An\u00edbal Fern\u00e1ndez, Jorge Capitanich y Juan Abal Medina, as\u00ed como otros tres ex secretarios de Ambiente durante el kirchnerismo.<\/p>\n<\/div>\n<\/div>\n<div class=\"row pb-content-type-text\">\n<div class=\"col-xs-12 col-print-12\">\n<p class=\"element element-paragraph\">Ahora, el juez\u00a0<strong>Claudio Bonadio<\/strong>\u00a0resolvi\u00f3 procesar a 92 intendentes de distintas comunas. Entre ellos est\u00e1n\u00a0<strong>Francisco \u00abBarba\u00bb Guti\u00e9rrez y Francisco \u00abPaco\u00bb Dura\u00f1ona.<\/strong><\/p>\n<\/div>\n<\/div>\n<div class=\"row pb-content-type-text\">\n<div class=\"col-xs-12 col-print-12\">\n<p class=\"element element-paragraph\">El magistrado federal tambi\u00e9n dict\u00f3 el sobreseimiento de otros tres y la falta de m\u00e9rito de uno.\u00a0<strong>Los procesados fueron embargados por 3 millones de pesos.<\/strong><\/p>\n<\/div>\n<\/div>\n<div class=\"row pb-content-type-text\">\n<div id=\"\" class=\"wrapper clearfix pb-feature pb-layout-item pb-f-ads-dfp left-align\">\n<div id=\"inline\" class=\"ad-slot\">\n<div id=\"inline_ad\" data-google-query-id=\"CMLP8JX-rOACFQEMswAdSckHmA\">\n<div id=\"google_ads_iframe_\/1058609\/infobae\/politica\/nota\/inline_0__container__\"><iframe id=\"google_ads_iframe_\/1058609\/infobae\/politica\/nota\/inline_0\" title=\"3rd party ad content\" name=\"google_ads_iframe_\/1058609\/infobae\/politica\/nota\/inline_0\" width=\"1\" height=\"1\" frameborder=\"0\" marginwidth=\"0\" marginheight=\"0\" scrolling=\"no\" data-google-container-id=\"6\" data-load-complete=\"true\"><\/iframe><\/div>\n<\/div>\n<\/div>\n<\/div>\n<div class=\"col-xs-12 col-print-12\">\n<p class=\"element element-paragraph\">\u00abCada intendente con su accionar contribuy\u00f3 activamente en la concreci\u00f3n de un perjuicio a las arcas del Estado, aproximadamente de una suma aproximada de\u00a0<strong>$604.529.670,00.<\/strong>\u00a0Maniobra que habr\u00edan llevado a cabo junto a las autoridades nacionales anteriormente procesadas por este Tribunal, y cuyas conductas fueron valoradas \u00adrespecto de la mayor\u00eda\u00ad de igual manera por la Alzada\u00bb, sostuvo la resoluci\u00f3n a la que accedi\u00f3\u00a0<strong>Infobae<\/strong>.<\/p>\n<div class=\"row pb-content-type-text\">\n<div class=\"col-xs-12 col-print-12\">\n<p class=\"element element-paragraph\">El gobierno de Cristina Kirchner implement\u00f3 programas de tratamiento de basura, v\u00eda Jefatura de Gabinete. Los principales beneficiados de esos programas fueron Chaco y R\u00edo Gallegos, pero la mayor\u00eda de las obras nunca se hicieron. El fiscal Carlos R\u00edvolo avanz\u00f3 en esta investigaci\u00f3n, que se abri\u00f3 en 2016, en donde se puso bajo la lupa el destino de 604.529.670 pesos, afectados a los llamados Programas Municipales de Gesti\u00f3n Integral de Residuos S\u00f3lidos Urbanos (PMGIRSU).<\/p>\n<\/div>\n<\/div>\n<div class=\"row pb-content-type-text\">\n<div class=\"col-xs-12 col-print-12\">\n<p class=\"element element-paragraph\">Se cree que, en realidad, esos recursos se aprovecharon para \u00abdisimular lo que constitu\u00eda, en verdad, el reparto discrecional de fondos p\u00fablicos a municipios privilegiados por las autoridades a cargo del desarrollo de las pol\u00edticas ambientales estatales\u00bb, seg\u00fan escribi\u00f3 la C\u00e1mara Federal en noviembre pasado.<\/p>\n<\/div>\n<\/div>\n<div class=\"row pb-content-type-text\">\n<div class=\"col-xs-12 col-print-12\">\n<p class=\"element element-paragraph\">En diciembre de 2017, Bonadio hab\u00eda firmado los procesamientos de Fern\u00e1ndez y Capitanich, y le dict\u00f3 la falta de m\u00e9rito a Abal Medina. Pero Rivolo apel\u00f3 y la C\u00e1mara le dio la raz\u00f3n. Tambi\u00e9n quedaron procesados ex secretarios de Medio Ambiente como Sergio Lorusso, Omar Judis y Juan Jos\u00e9 Mussi; y Andr\u00e9s Meiszner, ex jefe de asesores de la Jefatura de Gabinete.<\/p>\n<div class=\"row pb-content-type-text\">\n<div class=\"col-xs-12 col-print-12\">\n<p class=\"element element-paragraph\"><strong>La maniobra<\/strong><\/p>\n<\/div>\n<\/div>\n<div class=\"row pb-content-type-text\">\n<div class=\"col-xs-12 col-print-12\">\n<p class=\"element element-paragraph\">Paralelamente, Bonadio cit\u00f3 a indagataria a un centenar de intendentes que hab\u00edan aplicado esos programas. Es que los fondos eran girados directamente desde las arcas del tesoro nacional al municipio que llevara adelante tales medidas a favor del Medio Ambiente, a partir de un convenio y luego de que la administraci\u00f3n local presentara un proyecto ajustado a cada programa. Luego, el jefe de Gabinete de Ministros de la Naci\u00f3n aprobaba el informe y luego se realizaba la transferencia de fondos.<\/p>\n<\/div>\n<\/div>\n<div class=\"row pb-content-type-text\">\n<div class=\"col-xs-12 col-print-12\">\n<p class=\"element element-paragraph\">La auditor\u00eda que dio origen a la causa del Ministerio de Medio Ambiente demostr\u00f3 que no existi\u00f3 \u00abun mapa cr\u00edtico que permitiera disponer de informaci\u00f3n fundada sobre las municipalidades m\u00e1s vulnerables o con mayores problemas en la gesti\u00f3n de residuos\u00bb. Y que tanto la ciudad de Buenos Aires como municipios de Catamarca, Jujuy, Formosa, Mendoza, San Juan y Tierra del Fuego pidieron fondos pero no le enviaron nada. \u00abEn cambio, solo cuatro jurisdicciones, Buenos Aires, Chaco, Santa Cruz y La Rioja, obtuvieron el 79% de los fondos, circunstancia que se agrav\u00f3 porque tres de ellas generaban un peque\u00f1o porcentaje de residuos a nivel nacional\u00bb.<\/p>\n<\/div>\n<\/div>\n<div class=\"row pb-content-type-text\">\n<div class=\"col-xs-12 col-print-12\">\n<p class=\"element element-paragraph\"><strong>Los nombres de los intendentes procesados<\/strong><\/p>\n<\/div>\n<\/div>\n<div class=\"row pb-content-type-text\">\n<div class=\"col-xs-12 col-print-12\">\n<p class=\"element element-paragraph\"><strong>Buenos Aires<\/strong><\/p>\n<\/div>\n<\/div>\n<div class=\"row pb-content-type-text\">\n<div class=\"col-xs-12 col-print-12\">\n<p class=\"element element-paragraph\">Pablo Zurro (Pehuaj\u00f3) , Ricardo Casi (Col\u00f3n), Walter Torchio (Carlos Casares), Alfredo Fisher (Laprida), Francisco Iribarren (Florentino Ameghino), Gustavo Cocconi (Tapalqu\u00e9), Francisco Echarren (Castelli), Francisco Dura\u00f1ona y Vedia (San Antonio de Areco), Jos\u00e9 Medina (General Arenales) , Marcelo Skansi (Carmen de Areco), Carlos Racciatti (Lezama), Juan Carlos Bartoletti (General Viamonte), Francisco Guti\u00e9rrez (Quilmes), Jos\u00e9 Inza (Azul), Alberto Conocchiari (Leandro N. Alem), Mar\u00eda Gianini de Lafleur (Carlos Tejedor), Gast\u00f3n Arias (Brandsen), N\u00e9stor \u00c1lvarez (Guamin\u00ed), Diana Arg\u00fcello (Lober\u00eda), H\u00e9ctor Olivera (Tordillo), Oscar Ostoich (Capit\u00e1n Sarmiento), Jorge Eijo (General Belgrano), Mart\u00edn Caso (Rojas), Gustavo Walker (Pila), Gustavo Trankels (Tornquist), Marcos Luis Fern\u00e1ndez (Monte Hermoso), Enrique Tkacik (Hip\u00f3lito Yrigoyen), Marta M\u00e9dici (Alberti) y Ricardo Curetti (Carmen de Patagones).<\/p>\n<\/div>\n<\/div>\n<div class=\"row pb-content-type-text\">\n<div class=\"col-xs-12 col-print-12\">\n<p class=\"element element-paragraph\"><strong>Chaco<\/strong><\/p>\n<\/div>\n<\/div>\n<div class=\"row pb-content-type-text\">\n<div class=\"col-xs-12 col-print-12\">\n<p class=\"element element-paragraph\">Mateo Daniel Capitanich (Campo Largo), Gustavo Karasiuk (Pampa del Indio), \u00c1ngel Ernesto Gonz\u00e1lez (Capit\u00e1n Solari), Claudia Panzardi (Laguna Blanca), Francisco Winnik (La Escondida), Alfredo Pastor (Coronel Du Graty), Gustavo Steven (Santa Sylvina), Carlos Andion (Pampa del Infierno), Hugo Sager (Puerto Tiral), Walter Correa (Fuerte Esperanza), Alicia Leiva (Colonias Unidas), Eladio Aguirre (Charadai), Elba Lezcano (Samuh\u00fa), Jorge Batalla (Presidencia Roca), Aldo Leiva (General San Mart\u00edn), Mar\u00eda Susana Simonofski (Villa \u00c1ngela), Gerardo Cipolini (S\u00e1enz Pe\u00f1a), Jorge Rodr\u00edguez (Vedia), Oscar Nievas (Castelli), Jos\u00e9 Carbajal (La Leonesa), Carlos Palacios (Tres Isletas), Pedro Bodnarczuk (Chorotis), Lorenzo Heffner (Bermejito), H\u00e9ctor Vega (Machagai), Carlos Ib\u00e1\u00f1ez (Taco Pozo), Pedro Maidana (Colonia Elisa), Antonio Jos\u00e9 Rodas (Fontana), Estela Mitoire (La Eduvigis), Di\u00f3genes Requena (Hermoso Campo), Rosario Belkis Avalos (Eva Per\u00f3n) y Alfredo Zamora (Quitilipi).<\/p>\n<\/div>\n<\/div>\n<div class=\"row pb-content-type-text\">\n<div class=\"col-xs-12 col-print-12\">\n<p class=\"element element-paragraph\"><strong>Santa Cruz<\/strong><\/p>\n<\/div>\n<\/div>\n<div class=\"row pb-content-type-text\">\n<div class=\"col-xs-12 col-print-12\">\n<p class=\"element element-paragraph\">Ra\u00fal Cant\u00edn (R\u00edo Gallegos), Jos\u00e9 C\u00f3rdoba (Caleta Olivia), Teodoro Camino (Las Heras), Jos\u00e9 Bodlovic (Comandante Piedrabuena) y Horacio Mat\u00edas Maz\u00fa (R\u00edo Turbio).<\/p>\n<\/div>\n<\/div>\n<div class=\"row pb-content-type-text\">\n<div class=\"col-xs-12 col-print-12\">\n<p class=\"element element-paragraph\"><strong>Chubut<\/strong><\/p>\n<\/div>\n<\/div>\n<div class=\"row pb-content-type-text\">\n<div class=\"col-xs-12 col-print-12\">\n<p class=\"element element-paragraph\">Rafael Williams (Esquel).<\/p>\n<\/div>\n<\/div>\n<div class=\"row pb-content-type-text\">\n<div class=\"col-xs-12 col-print-12\">\n<p class=\"element element-paragraph\"><strong>C\u00f3rdoba<\/strong><\/p>\n<\/div>\n<\/div>\n<div class=\"row pb-content-type-text\">\n<div class=\"col-xs-12 col-print-12\">\n<p class=\"element element-paragraph\">Jorge Racca (Brinkmann).<\/p>\n<\/div>\n<\/div>\n<div class=\"row pb-content-type-text\">\n<div class=\"col-xs-12 col-print-12\">\n<p class=\"element element-paragraph\"><strong>Santa Fe<\/strong><\/p>\n<\/div>\n<\/div>\n<div class=\"row pb-content-type-text\">\n<div class=\"col-xs-12 col-print-12\">\n<p class=\"element element-paragraph\">Roberto Dehesa (Rufino), M\u00f3nica Stumpo (Serodino) , Jos\u00e9 Freyre (Venado Tuerto), Juan Carlos Bacalini (Casilda), Jos\u00e9 L\u00f3pez (Pav\u00f3n), Guillermo Cornaglia (Bouquet) y Fernando Almada (El Tr\u00e9bol).<\/p>\n<\/div>\n<\/div>\n<div class=\"row pb-content-type-text\">\n<div class=\"col-xs-12 col-print-12\">\n<p class=\"element element-paragraph\"><strong>Neuqu\u00e9n<\/strong><\/p>\n<\/div>\n<\/div>\n<div class=\"row pb-content-type-text\">\n<div class=\"col-xs-12 col-print-12\">\n<p class=\"element element-paragraph\">H\u00e9ctor Godoy (Las Ovejas).<\/p>\n<\/div>\n<\/div>\n<div class=\"row pb-content-type-text\">\n<div class=\"col-xs-12 col-print-12\">\n<p class=\"element element-paragraph\"><strong>Tucum\u00e1n<\/strong><\/p>\n<\/div>\n<\/div>\n<div class=\"row pb-content-type-text\">\n<div class=\"col-xs-12 col-print-12\">\n<p class=\"element element-paragraph\">C\u00e9sar Dip (Lules) y Jos\u00e9 Orellana (Famaill\u00e1).<\/p>\n<\/div>\n<\/div>\n<div class=\"row pb-content-type-text\">\n<div class=\"col-xs-12 col-print-12\">\n<p class=\"element element-paragraph\"><strong>Santiago del Estero<\/strong><\/p>\n<\/div>\n<\/div>\n<div class=\"row pb-content-type-text\">\n<div class=\"col-xs-12 col-print-12\">\n<p class=\"element element-paragraph\">Julio Castro (A\u00f1atuya) y Rodolfo Cappellini (Ojo de Agua).<\/p>\n<\/div>\n<\/div>\n<div class=\"row pb-content-type-text\">\n<div class=\"col-xs-12 col-print-12\">\n<p class=\"element element-paragraph\"><strong>Entre R\u00edos<\/strong><\/p>\n<\/div>\n<\/div>\n<div class=\"row pb-content-type-text\">\n<div class=\"col-xs-12 col-print-12\">\n<p class=\"element element-paragraph\">Luis Erro (Gualeguay), Juan Carlos Kloss (Hasenkamp), Rub\u00e9n V\u00e1zquez (San Benito) y Jos\u00e9 Luis Dume (Oro Verde).<\/p>\n<\/div>\n<\/div>\n<div class=\"row pb-content-type-text\">\n<div class=\"col-xs-12 col-print-12\">\n<p class=\"element element-paragraph\"><strong>C\u00f3rdoba<\/strong><\/p>\n<\/div>\n<\/div>\n<div class=\"row pb-content-type-text\">\n<div class=\"col-xs-12 col-print-12\">\n<p class=\"element element-paragraph\">Luis Stanicia (Las Acequias), Alberto Escudero (Las Higueras) y Juan Manuel Pereyra (Villa Dolores).<\/p>\n<\/div>\n<\/div>\n<div class=\"row pb-content-type-text\">\n<div class=\"col-xs-12 col-print-12\">\n<p class=\"element element-paragraph\"><strong>Corrientes<\/strong><\/p>\n<\/div>\n<\/div>\n<div class=\"row pb-content-type-text\">\n<div class=\"col-xs-12 col-print-12\">\n<p class=\"element element-paragraph\">Eduardo Galantini (Monte Caseros), Ernesto Dom\u00ednguez (Curuz\u00fa Cuati\u00e1) y Hermes Bord\u00f3n (Paso de la Patria).<\/p>\n<\/div>\n<\/div>\n<div class=\"row pb-content-type-text\">\n<div class=\"col-xs-12 col-print-12\">\n<p class=\"element element-paragraph\"><strong>Misiones<\/strong><\/p>\n<\/div>\n<\/div>\n<div class=\"row pb-content-type-text\">\n<div class=\"col-xs-12 col-print-12\">\n<p class=\"element element-paragraph\">Federico Neis (Puerto Rico).<\/p>\n<\/div>\n<\/div>\n<div class=\"row pb-content-type-text\">\n<div class=\"col-xs-12 col-print-12\">\n<p class=\"element element-paragraph\"><strong>La Pampa<\/strong><\/p>\n<\/div>\n<\/div>\n<div class=\"row pb-content-type-text\">\n<div class=\"col-xs-12 col-print-12\">\n<p class=\"element element-paragraph\">Juan Ram\u00f3n Barrionuevo (La Adela).<\/p>\n<\/div>\n<\/div>\n<div class=\"row pb-content-type-text\">\n<div class=\"col-xs-12 col-print-12\">\n<p class=\"element element-paragraph\"><strong>Salta<\/strong><\/p>\n<\/div>\n<\/div>\n<div class=\"row pb-content-type-text\">\n<div class=\"col-xs-12 col-print-12\">\n<p class=\"element element-paragraph\">Pablo Gabriel Salazar (R\u00edo Mayo).<\/p>\n<\/div>\n<\/div>\n<div class=\"row pb-content-type-text\">\n<div class=\"col-xs-12 col-print-12\">\n<p class=\"element element-paragraph\">Los\u00a0<strong>sobreseimientos<\/strong>\u00a0fueron para Omar Goye, Nancy Sand Giorasi y Carlos Espinola, mientras que recibi\u00f3 la falta de m\u00e9rito Ricardo Moccero.<\/p>\n<\/div>\n<\/div>\n<\/div>\n<\/div>\n<p class=\"element element-paragraph\">Infobae.com.ar<\/p>\n<\/div>\n<\/div>\n","protected":false},"excerpt":{"rendered":"<p>Se trata de una causa que investiga una malversaci\u00f3n de las arcas del Tesoro entre 2013 y 2015 para que distintas municipalidades de todo el pa\u00eds llevaran adelante tratamientos de residuos. Tres ex jefes de Gabinete kirchneristas ya estaban procesados. Casi\u00a0un centenar de intendentes\u00a0de todo el pa\u00eds quedaron procesados hoy en una causa que investiga <a href=\"https:\/\/armstrongyregion.com.ar\/diario\/el-juez-bonadio-proceso-a-92-intendentes-por-supuesto-fraude-con-fondos-publicos\/\" title=\"Read more\" >&#8230;<\/a><\/p>\n","protected":false},"author":1,"featured_media":20302,"comment_status":"open","ping_status":"open","sticky":false,"template":"","format":"standard","meta":{"_jetpack_memberships_contains_paid_content":false,"footnotes":"","jetpack_publicize_message":"","jetpack_publicize_feature_enabled":true,"jetpack_social_post_already_shared":false,"jetpack_social_options":{"image_generator_settings":{"template":"highway","default_image_id":0,"enabled":false},"version":2}},"categories":[8,1,2,7,3],"tags":[7546,33,20,7544,1931,7545,388,13],"class_list":["post-20301","post","type-post","status-publish","format-standard","has-post-thumbnail","hentry","category-deliberando","category-diario-armstrong","category-locales","category-politica","category-region","tag-7546","tag-a","tag-armstrong","tag-bonadio","tag-intendentes","tag-proceso","tag-region-2","tag-y"],"jetpack_publicize_connections":[],"jetpack_featured_media_url":"https:\/\/armstrongyregion.com.ar\/diario\/wp-content\/uploads\/2019\/02\/Bonadio-Juez.jpg","jetpack_shortlink":"https:\/\/wp.me\/p62QDO-5hr","jetpack_sharing_enabled":true,"amp_enabled":true,"_links":{"self":[{"href":"https:\/\/armstrongyregion.com.ar\/diario\/wp-json\/wp\/v2\/posts\/20301","targetHints":{"allow":["GET"]}}],"collection":[{"href":"https:\/\/armstrongyregion.com.ar\/diario\/wp-json\/wp\/v2\/posts"}],"about":[{"href":"https:\/\/armstrongyregion.com.ar\/diario\/wp-json\/wp\/v2\/types\/post"}],"author":[{"embeddable":true,"href":"https:\/\/armstrongyregion.com.ar\/diario\/wp-json\/wp\/v2\/users\/1"}],"replies":[{"embeddable":true,"href":"https:\/\/armstrongyregion.com.ar\/diario\/wp-json\/wp\/v2\/comments?post=20301"}],"version-history":[{"count":0,"href":"https:\/\/armstrongyregion.com.ar\/diario\/wp-json\/wp\/v2\/posts\/20301\/revisions"}],"wp:featuredmedia":[{"embeddable":true,"href":"https:\/\/armstrongyregion.com.ar\/diario\/wp-json\/wp\/v2\/media\/20302"}],"wp:attachment":[{"href":"https:\/\/armstrongyregion.com.ar\/diario\/wp-json\/wp\/v2\/media?parent=20301"}],"wp:term":[{"taxonomy":"category","embeddable":true,"href":"https:\/\/armstrongyregion.com.ar\/diario\/wp-json\/wp\/v2\/categories?post=20301"},{"taxonomy":"post_tag","embeddable":true,"href":"https:\/\/armstrongyregion.com.ar\/diario\/wp-json\/wp\/v2\/tags?post=20301"}],"curies":[{"name":"wp","href":"https:\/\/api.w.org\/{rel}","templated":true}]}}