{"id":20253,"date":"2019-02-05T14:36:23","date_gmt":"2019-02-05T14:36:23","guid":{"rendered":"https:\/\/armstrongyregion.com.ar\/diario\/?p=20253"},"modified":"2019-02-05T14:36:23","modified_gmt":"2019-02-05T14:36:23","slug":"armstrong-verano-en-tu-ciudad-programacion-2019","status":"publish","type":"post","link":"https:\/\/armstrongyregion.com.ar\/diario\/armstrong-verano-en-tu-ciudad-programacion-2019\/","title":{"rendered":"Armstrong. Verano en tu Ciudad Programaci\u00f3n 2019."},"content":{"rendered":"<p><a href=\"http:\/\/armstrongyregion.com.ar\/diario\/wp-content\/uploads\/2019\/02\/vtc-2019-ok.jpg\"><img loading=\"lazy\" decoding=\"async\" class=\"alignnone size-full wp-image-20254\" src=\"http:\/\/armstrongyregion.com.ar\/diario\/wp-content\/uploads\/2019\/02\/vtc-2019-ok.jpg\" alt=\"vtc 2019 ok\" width=\"400\" height=\"562\" srcset=\"https:\/\/armstrongyregion.com.ar\/diario\/wp-content\/uploads\/2019\/02\/vtc-2019-ok.jpg 400w, https:\/\/armstrongyregion.com.ar\/diario\/wp-content\/uploads\/2019\/02\/vtc-2019-ok-214x300.jpg 214w\" sizes=\"auto, (max-width: 400px) 100vw, 400px\" \/><\/a>La Municipalidad de Armstrong a trav\u00e9s del Departamento de Juventud lanza por sexto a\u00f1o consecutivo el ciclo \u201cVerano en tu Ciudad\u201d para que ni\u00f1os, j\u00f3venes y adultos puedan participar en familia y con amigos.<\/p>\n<p>Como siempre, el ciclo recorrer\u00e1 diferentes espacios p\u00fablicos de la ciudad acercando a todos los vecinos la posibilidad de ser parte activa de cada una de las propuestas.<\/p>\n<p>La programaci\u00f3n es la siguiente:<\/p>\n<p>* Mi\u00e9rcoles 30 de enero: 21 hs. Plaza Nona Rocha. Picnic a la canasta. M\u00fasica.<\/p>\n<p>* Jueves 31 de enero: 20:30 hs. Plaza Nona Rocha. Cinerama con la pel\u00edcula \u201cLos Incre\u00edbles 2\u201d.<\/p>\n<p>* Mi\u00e9rcoles 6 de febrero: 21 hs. Plaza Flotron. Picnic a la canasta. M\u00fasica.<\/p>\n<p>* Jueves 7 de febrero: 20:30 hs. Plaza Flotron. Cinerama con la pel\u00edcula \u201cPie peque\u00f1o\u201d.<\/p>\n<p>* Mi\u00e9rcoles 13 de febrero: 21 hs. Play\u00f3n Deportivo Claudia y Sergio Moreale. Picnic a la canasta. M\u00fasica.<\/p>\n<p>* Jueves 14 de febrero: 20:30 hs. Play\u00f3n Deportivo Claudia y Sergio Moreale. Cinerama con la pel\u00edcula \u201cHotel Transilvania 3\u201c.<\/p>\n<p>* Mi\u00e9rcoles 20 de febrero: 21 hs. Plaza 5 de Junio. Picnic a la canasta. M\u00fasica.<\/p>\n<p>* Jueves 21 de febrero: 20:30 hs. Plaza 5 de Junio. Cinerama con la pel\u00edcula \u201cFerdinand\u201d.<\/p>\n<p>* Mi\u00e9rcoles 27 de febrero: 21 hs. Paseo saludable Dr. Ren\u00e9 Favaloro. Picnic a la canasta. M\u00fasica.<\/p>\n<p>* Jueves 28 de febrero: 20:30 hs. Bicicleteada desde el Paseo saludable Dr. Ren\u00e9 Favaloro. hacia \u201cEl Tropero\u201d, donde habr\u00e1 servicio de buffet y buena m\u00fasica.<\/p>\n<p>Todas las actividades son con entrada libre y gratuita y se suspenden en caso de lluvia.<\/p>\n","protected":false},"excerpt":{"rendered":"<p>La Municipalidad de Armstrong a trav\u00e9s del Departamento de Juventud lanza por sexto a\u00f1o consecutivo el ciclo \u201cVerano en tu Ciudad\u201d para que ni\u00f1os, j\u00f3venes y adultos puedan participar en familia y con amigos. Como siempre, el ciclo recorrer\u00e1 diferentes espacios p\u00fablicos de la ciudad acercando a todos los vecinos la posibilidad de ser parte <a href=\"https:\/\/armstrongyregion.com.ar\/diario\/armstrong-verano-en-tu-ciudad-programacion-2019\/\" title=\"Read more\" >&#8230;<\/a><\/p>\n","protected":false},"author":1,"featured_media":20254,"comment_status":"open","ping_status":"open","sticky":false,"template":"","format":"standard","meta":{"_jetpack_memberships_contains_paid_content":false,"footnotes":"","jetpack_publicize_message":"","jetpack_publicize_feature_enabled":true,"jetpack_social_post_already_shared":false,"jetpack_social_options":{"image_generator_settings":{"template":"highway","default_image_id":0,"enabled":false},"version":2}},"categories":[6,8,1,2],"tags":[7530],"class_list":["post-20253","post","type-post","status-publish","format-standard","has-post-thumbnail","hentry","category-cultura-entretenimiento","category-deliberando","category-diario-armstrong","category-locales","tag-armstrong-verano-en-tu-ciudad-programacion-2019"],"jetpack_publicize_connections":[],"jetpack_featured_media_url":"https:\/\/armstrongyregion.com.ar\/diario\/wp-content\/uploads\/2019\/02\/vtc-2019-ok.jpg","jetpack_shortlink":"https:\/\/wp.me\/p62QDO-5gF","jetpack_sharing_enabled":true,"amp_enabled":true,"_links":{"self":[{"href":"https:\/\/armstrongyregion.com.ar\/diario\/wp-json\/wp\/v2\/posts\/20253","targetHints":{"allow":["GET"]}}],"collection":[{"href":"https:\/\/armstrongyregion.com.ar\/diario\/wp-json\/wp\/v2\/posts"}],"about":[{"href":"https:\/\/armstrongyregion.com.ar\/diario\/wp-json\/wp\/v2\/types\/post"}],"author":[{"embeddable":true,"href":"https:\/\/armstrongyregion.com.ar\/diario\/wp-json\/wp\/v2\/users\/1"}],"replies":[{"embeddable":true,"href":"https:\/\/armstrongyregion.com.ar\/diario\/wp-json\/wp\/v2\/comments?post=20253"}],"version-history":[{"count":0,"href":"https:\/\/armstrongyregion.com.ar\/diario\/wp-json\/wp\/v2\/posts\/20253\/revisions"}],"wp:featuredmedia":[{"embeddable":true,"href":"https:\/\/armstrongyregion.com.ar\/diario\/wp-json\/wp\/v2\/media\/20254"}],"wp:attachment":[{"href":"https:\/\/armstrongyregion.com.ar\/diario\/wp-json\/wp\/v2\/media?parent=20253"}],"wp:term":[{"taxonomy":"category","embeddable":true,"href":"https:\/\/armstrongyregion.com.ar\/diario\/wp-json\/wp\/v2\/categories?post=20253"},{"taxonomy":"post_tag","embeddable":true,"href":"https:\/\/armstrongyregion.com.ar\/diario\/wp-json\/wp\/v2\/tags?post=20253"}],"curies":[{"name":"wp","href":"https:\/\/api.w.org\/{rel}","templated":true}]}}