{"id":20242,"date":"2019-02-04T11:22:05","date_gmt":"2019-02-04T11:22:05","guid":{"rendered":"https:\/\/armstrongyregion.com.ar\/diario\/?p=20242"},"modified":"2019-02-04T11:22:05","modified_gmt":"2019-02-04T11:22:05","slug":"pertusati-por-el-momento-estaria-formando-parte-de-una-lista-de-concejales","status":"publish","type":"post","link":"https:\/\/armstrongyregion.com.ar\/diario\/pertusati-por-el-momento-estaria-formando-parte-de-una-lista-de-concejales\/","title":{"rendered":"Pertusati: \u201cPor el momento estar\u00eda formando parte de una lista de concejales\u201d."},"content":{"rendered":"<p><a href=\"http:\/\/armstrongyregion.com.ar\/diario\/wp-content\/uploads\/2018\/05\/CSC_0048.jpg\"><img loading=\"lazy\" decoding=\"async\" class=\"alignnone size-large wp-image-17114\" src=\"http:\/\/armstrongyregion.com.ar\/diario\/wp-content\/uploads\/2018\/05\/CSC_0048-1024x681.jpg\" alt=\"Concejal- Alejandro-Pertusati-\" width=\"800\" height=\"532\" \/><\/a>Alejandro Pertusati, concejal armstronense de UCR consultado sobre la proyecci\u00f3n que tiene sobre las elecciones y el pr\u00f3ximo cierre de listas el 22 de febrero nos dec\u00eda:<\/p>\n<p>\u201cEl 2019 ser\u00e1 un a\u00f1o electoral, estamos en dialogo permanente con todos los asociados de los grupos pol\u00edticos de los frentes a los cuales pertenecemos, sabemos que el radicalismo en este momento ocupa un espacio en la alianza de Cambiemos y a nivel Provincial con el Socialismo, tanto en una como en otra encontramos coincidencias que nos pueden hacer trabajar en un esquema de unidad y es a lo que vamos a apuntar\u201d.<\/p>\n<p>Siguiendo la misma l\u00ednea de discurso a\u00f1adi\u00f3: \u201cYo entre a trabajar en el concejo por el Frente Progresista, si bien hay una muy buena relaci\u00f3n con el grupo de Cambiemos, \u00a0me siento muy a gusto trabajando para el intendente Pablo Verdeccghia.<\/p>\n<p>Cuando se le consulta si encabezar\u00eda una lista para renovar su banca, el edil respondi\u00f3: \u201cPor el momento estar\u00eda formando parte de una lista de concejales, encabezando o acompa\u00f1ando va a salir todo de consenso y del esquema de unidad que estamos acordando\u201d.<\/p>\n<p>&nbsp;<\/p>\n","protected":false},"excerpt":{"rendered":"<p>Alejandro Pertusati, concejal armstronense de UCR consultado sobre la proyecci\u00f3n que tiene sobre las elecciones y el pr\u00f3ximo cierre de listas el 22 de febrero nos dec\u00eda: \u201cEl 2019 ser\u00e1 un a\u00f1o electoral, estamos en dialogo permanente con todos los asociados de los grupos pol\u00edticos de los frentes a los cuales pertenecemos, sabemos que el <a href=\"https:\/\/armstrongyregion.com.ar\/diario\/pertusati-por-el-momento-estaria-formando-parte-de-una-lista-de-concejales\/\" title=\"Read more\" >&#8230;<\/a><\/p>\n","protected":false},"author":1,"featured_media":0,"comment_status":"open","ping_status":"open","sticky":false,"template":"","format":"standard","meta":{"_jetpack_memberships_contains_paid_content":false,"footnotes":"","jetpack_publicize_message":"","jetpack_publicize_feature_enabled":true,"jetpack_social_post_already_shared":false,"jetpack_social_options":{"image_generator_settings":{"template":"highway","default_image_id":0,"enabled":false},"version":2}},"categories":[8,1,2,7,3],"tags":[7524],"class_list":["post-20242","post","type-post","status-publish","format-standard","hentry","category-deliberando","category-diario-armstrong","category-locales","category-politica","category-region","tag-pertusati-por-el-momento-estaria-formando-parte-de-una-lista-de-concejales"],"jetpack_publicize_connections":[],"jetpack_featured_media_url":"","jetpack_shortlink":"https:\/\/wp.me\/p62QDO-5gu","jetpack_sharing_enabled":true,"amp_enabled":true,"_links":{"self":[{"href":"https:\/\/armstrongyregion.com.ar\/diario\/wp-json\/wp\/v2\/posts\/20242","targetHints":{"allow":["GET"]}}],"collection":[{"href":"https:\/\/armstrongyregion.com.ar\/diario\/wp-json\/wp\/v2\/posts"}],"about":[{"href":"https:\/\/armstrongyregion.com.ar\/diario\/wp-json\/wp\/v2\/types\/post"}],"author":[{"embeddable":true,"href":"https:\/\/armstrongyregion.com.ar\/diario\/wp-json\/wp\/v2\/users\/1"}],"replies":[{"embeddable":true,"href":"https:\/\/armstrongyregion.com.ar\/diario\/wp-json\/wp\/v2\/comments?post=20242"}],"version-history":[{"count":0,"href":"https:\/\/armstrongyregion.com.ar\/diario\/wp-json\/wp\/v2\/posts\/20242\/revisions"}],"wp:attachment":[{"href":"https:\/\/armstrongyregion.com.ar\/diario\/wp-json\/wp\/v2\/media?parent=20242"}],"wp:term":[{"taxonomy":"category","embeddable":true,"href":"https:\/\/armstrongyregion.com.ar\/diario\/wp-json\/wp\/v2\/categories?post=20242"},{"taxonomy":"post_tag","embeddable":true,"href":"https:\/\/armstrongyregion.com.ar\/diario\/wp-json\/wp\/v2\/tags?post=20242"}],"curies":[{"name":"wp","href":"https:\/\/api.w.org\/{rel}","templated":true}]}}