{"id":20222,"date":"2019-02-01T16:01:12","date_gmt":"2019-02-01T16:01:12","guid":{"rendered":"https:\/\/armstrongyregion.com.ar\/diario\/?p=20222"},"modified":"2019-02-01T16:01:12","modified_gmt":"2019-02-01T16:01:12","slug":"armstrong-feria-de-sabores-y-colores-locales","status":"publish","type":"post","link":"https:\/\/armstrongyregion.com.ar\/diario\/armstrong-feria-de-sabores-y-colores-locales\/","title":{"rendered":"Armstrong. Feria de Sabores y Colores Locales."},"content":{"rendered":"<p><a href=\"http:\/\/armstrongyregion.com.ar\/diario\/wp-content\/uploads\/2019\/02\/feria-vacaciones-verano-2019-sab-2-febrero-2.jpg\"><img loading=\"lazy\" decoding=\"async\" class=\"alignnone size-full wp-image-20223\" src=\"http:\/\/armstrongyregion.com.ar\/diario\/wp-content\/uploads\/2019\/02\/feria-vacaciones-verano-2019-sab-2-febrero-2.jpg\" alt=\"feria vacaciones verano 2019 sab 2 febrero (2)\" width=\"601\" height=\"600\" srcset=\"https:\/\/armstrongyregion.com.ar\/diario\/wp-content\/uploads\/2019\/02\/feria-vacaciones-verano-2019-sab-2-febrero-2.jpg 601w, https:\/\/armstrongyregion.com.ar\/diario\/wp-content\/uploads\/2019\/02\/feria-vacaciones-verano-2019-sab-2-febrero-2-150x150.jpg 150w, https:\/\/armstrongyregion.com.ar\/diario\/wp-content\/uploads\/2019\/02\/feria-vacaciones-verano-2019-sab-2-febrero-2-300x300.jpg 300w, https:\/\/armstrongyregion.com.ar\/diario\/wp-content\/uploads\/2019\/02\/feria-vacaciones-verano-2019-sab-2-febrero-2-144x144.jpg 144w\" sizes=\"auto, (max-width: 601px) 100vw, 601px\" \/><\/a>La Municipalidad de Armstrong invita a participar de una nueva feria de Sabores y Colores Locales que se realizar\u00e1 el d\u00eda 2 de Febrero a las 19hs 30 hs. en el paseo artesanal del parque Bracito Fuerte.<\/p>\n<p>Como en cada oportunidad, m\u00e1s de 40 emprendedores de nuestra ciudad y la regi\u00f3n se presentan para ofrecer una novedosa variedad de productos elaborados artesanalmente.<\/p>\n<p>Habr\u00e1 servicio de buffet, juegos, sorteos y m\u00fasica. Se suspender\u00e1 \u00a0en caso de lluvia.<\/p>\n","protected":false},"excerpt":{"rendered":"<p>La Municipalidad de Armstrong invita a participar de una nueva feria de Sabores y Colores Locales que se realizar\u00e1 el d\u00eda 2 de Febrero a las 19hs 30 hs. en el paseo artesanal del parque Bracito Fuerte. Como en cada oportunidad, m\u00e1s de 40 emprendedores de nuestra ciudad y la regi\u00f3n se presentan para ofrecer <a href=\"https:\/\/armstrongyregion.com.ar\/diario\/armstrong-feria-de-sabores-y-colores-locales\/\" title=\"Read more\" >&#8230;<\/a><\/p>\n","protected":false},"author":1,"featured_media":20223,"comment_status":"open","ping_status":"open","sticky":false,"template":"","format":"standard","meta":{"_jetpack_memberships_contains_paid_content":false,"footnotes":"","jetpack_publicize_message":"","jetpack_publicize_feature_enabled":true,"jetpack_social_post_already_shared":false,"jetpack_social_options":{"image_generator_settings":{"template":"highway","default_image_id":0,"enabled":false},"version":2}},"categories":[6,8,1,2],"tags":[7516],"class_list":["post-20222","post","type-post","status-publish","format-standard","has-post-thumbnail","hentry","category-cultura-entretenimiento","category-deliberando","category-diario-armstrong","category-locales","tag-armstrong-feria-de-sabores-y-colores-locales"],"jetpack_publicize_connections":[],"jetpack_featured_media_url":"https:\/\/armstrongyregion.com.ar\/diario\/wp-content\/uploads\/2019\/02\/feria-vacaciones-verano-2019-sab-2-febrero-2.jpg","jetpack_shortlink":"https:\/\/wp.me\/p62QDO-5ga","jetpack_sharing_enabled":true,"amp_enabled":true,"_links":{"self":[{"href":"https:\/\/armstrongyregion.com.ar\/diario\/wp-json\/wp\/v2\/posts\/20222","targetHints":{"allow":["GET"]}}],"collection":[{"href":"https:\/\/armstrongyregion.com.ar\/diario\/wp-json\/wp\/v2\/posts"}],"about":[{"href":"https:\/\/armstrongyregion.com.ar\/diario\/wp-json\/wp\/v2\/types\/post"}],"author":[{"embeddable":true,"href":"https:\/\/armstrongyregion.com.ar\/diario\/wp-json\/wp\/v2\/users\/1"}],"replies":[{"embeddable":true,"href":"https:\/\/armstrongyregion.com.ar\/diario\/wp-json\/wp\/v2\/comments?post=20222"}],"version-history":[{"count":0,"href":"https:\/\/armstrongyregion.com.ar\/diario\/wp-json\/wp\/v2\/posts\/20222\/revisions"}],"wp:featuredmedia":[{"embeddable":true,"href":"https:\/\/armstrongyregion.com.ar\/diario\/wp-json\/wp\/v2\/media\/20223"}],"wp:attachment":[{"href":"https:\/\/armstrongyregion.com.ar\/diario\/wp-json\/wp\/v2\/media?parent=20222"}],"wp:term":[{"taxonomy":"category","embeddable":true,"href":"https:\/\/armstrongyregion.com.ar\/diario\/wp-json\/wp\/v2\/categories?post=20222"},{"taxonomy":"post_tag","embeddable":true,"href":"https:\/\/armstrongyregion.com.ar\/diario\/wp-json\/wp\/v2\/tags?post=20222"}],"curies":[{"name":"wp","href":"https:\/\/api.w.org\/{rel}","templated":true}]}}