{"id":20218,"date":"2019-02-01T12:17:28","date_gmt":"2019-02-01T12:17:28","guid":{"rendered":"https:\/\/armstrongyregion.com.ar\/diario\/?p=20218"},"modified":"2019-02-01T12:17:28","modified_gmt":"2019-02-01T12:17:28","slug":"julio-eggimann-de-recorrida-por-los-departamentos-iriondo-y-belgrano","status":"publish","type":"post","link":"https:\/\/armstrongyregion.com.ar\/diario\/julio-eggimann-de-recorrida-por-los-departamentos-iriondo-y-belgrano\/","title":{"rendered":"Julio Eggimann de recorrida por los departamentos Iriondo y Belgrano."},"content":{"rendered":"<p><a href=\"http:\/\/armstrongyregion.com.ar\/diario\/wp-content\/uploads\/2019\/02\/Eggimann.jpg\"><img loading=\"lazy\" decoding=\"async\" class=\"alignnone size-full wp-image-20219\" src=\"http:\/\/armstrongyregion.com.ar\/diario\/wp-content\/uploads\/2019\/02\/Eggimann.jpg\" alt=\"Eggimann\" width=\"768\" height=\"432\" srcset=\"https:\/\/armstrongyregion.com.ar\/diario\/wp-content\/uploads\/2019\/02\/Eggimann.jpg 768w, https:\/\/armstrongyregion.com.ar\/diario\/wp-content\/uploads\/2019\/02\/Eggimann-300x169.jpg 300w\" sizes=\"auto, (max-width: 768px) 100vw, 768px\" \/><\/a>El pasado jueves 31 de enero Julio Eggimann recorri\u00f3 los departamentos Belgrano e Iriondo, reafirmando sus ganas de renovar su banca y continuar trabajando en el Legislativo Provincial. Tambi\u00e9n insisti\u00f3 con la declaraci\u00f3n de Emergencia Industrial en la provincia.<\/p>\n<p>El Diputado expres\u00f3 que se suman sindicatos al reclamo ya que en los \u00faltimos d\u00edas, la Uni\u00f3n Obrera Metal\u00fargica (UOM)\u00a0 y otros sindicatos de la provincia pidieron que se declare la emergencia del sector en todo el territorio santafesino debido a la gran cantidad de despidos que hubo en 2018 y por los puestos de trabajo que est\u00e1n en riesgo este a\u00f1o .<\/p>\n<p>Este planteo, ya hab\u00eda sido puesto en agenda por el Diputado Provincial Julio Eggimann, que realiz\u00f3 el a\u00f1o pasado la\u00a0 presentaci\u00f3n de un proyecto de ley impulsando la declaraci\u00f3n de la Emergencia Industrial Provincial por un plazo de 180 d\u00edas, haci\u00e9ndose eco de un planteo realizado por la Federaci\u00f3n Industrial de Santa Fe (Fisfe)\u00a0 que fue acompa\u00f1ado adem\u00e1s por diversas entidades, tales como la C\u00e1mara Regional de la Industria y Comercio Exterior (Cricex) .<\/p>\n<p>\u201cVolvemos a reclamarle al gobernador Lifschitz que incluya el tratamiento de esta ley en las sesiones extraordinarias. Lo hicimos en diciembre y nuestro planteo no fue atendido, pero la situaci\u00f3n se sigue agravando para las industrias y creemos que es necesario otorgarles herramientas para paliar esta dif\u00edcil realidad, con la premisa de defender las fuentes laborales\u201d, puntualiz\u00f3 el legislador justicialista.<\/p>\n<p>La iniciativa presentada oportunamente por Julio Eggimann plantea la implementaci\u00f3n de un esquema similar al de las emergencias agropecuarias, brindando apoyaturas financieras, incentivos productivos y\u00a0 beneficios impositivos, por ejemplo refinanciando deudas a tasa preferencial . Asimismo ,entre las propuestas realizadas,\u00a0 Eggimann\u00a0 pidi\u00f3 avanzar sobre el costo energ\u00e9tico que est\u00e1n afrontando las industrias, adem\u00e1s de requerirle a la Naci\u00f3n que implemente en Santa Fe las mismas l\u00edneas de asistencia financiera que reciben otras provincias.<\/p>\n<p>Por otro lado, Eggimann sostuvo que se debe \u201cpromover la contenci\u00f3n social a quienes cayeron en condici\u00f3n de desempleo producto del cierre de establecimientos industriales en los \u00faltimos tiempos, en el contexto de la recesi\u00f3n generada por el actual modelo econ\u00f3mico impulsado por las negativas pol\u00edticas del gobierno nacional\u201d, expresando por \u00faltimo su disconformidad porque esta acuciante situaci\u00f3n no es afrontada por el Gobierno Provincial con una r\u00e1pida y activa pol\u00edtica p\u00fablica en defensa del estrat\u00e9gico sector industrial de la provincia.<\/p>\n<p>&nbsp;<\/p>\n","protected":false},"excerpt":{"rendered":"<p>El pasado jueves 31 de enero Julio Eggimann recorri\u00f3 los departamentos Belgrano e Iriondo, reafirmando sus ganas de renovar su banca y continuar trabajando en el Legislativo Provincial. Tambi\u00e9n insisti\u00f3 con la declaraci\u00f3n de Emergencia Industrial en la provincia. El Diputado expres\u00f3 que se suman sindicatos al reclamo ya que en los \u00faltimos d\u00edas, la <a href=\"https:\/\/armstrongyregion.com.ar\/diario\/julio-eggimann-de-recorrida-por-los-departamentos-iriondo-y-belgrano\/\" title=\"Read more\" >&#8230;<\/a><\/p>\n","protected":false},"author":1,"featured_media":20219,"comment_status":"open","ping_status":"open","sticky":false,"template":"","format":"standard","meta":{"_jetpack_memberships_contains_paid_content":false,"footnotes":"","jetpack_publicize_message":"","jetpack_publicize_feature_enabled":true,"jetpack_social_post_already_shared":false,"jetpack_social_options":{"image_generator_settings":{"template":"highway","default_image_id":0,"enabled":false},"version":2}},"categories":[8,1,2,7,3],"tags":[7515],"class_list":["post-20218","post","type-post","status-publish","format-standard","has-post-thumbnail","hentry","category-deliberando","category-diario-armstrong","category-locales","category-politica","category-region","tag-julio-eggimann-de-recorrida-por-los-departamentos-iriondo-y-belgrano"],"jetpack_publicize_connections":[],"jetpack_featured_media_url":"https:\/\/armstrongyregion.com.ar\/diario\/wp-content\/uploads\/2019\/02\/Eggimann.jpg","jetpack_shortlink":"https:\/\/wp.me\/p62QDO-5g6","jetpack_sharing_enabled":true,"amp_enabled":true,"_links":{"self":[{"href":"https:\/\/armstrongyregion.com.ar\/diario\/wp-json\/wp\/v2\/posts\/20218","targetHints":{"allow":["GET"]}}],"collection":[{"href":"https:\/\/armstrongyregion.com.ar\/diario\/wp-json\/wp\/v2\/posts"}],"about":[{"href":"https:\/\/armstrongyregion.com.ar\/diario\/wp-json\/wp\/v2\/types\/post"}],"author":[{"embeddable":true,"href":"https:\/\/armstrongyregion.com.ar\/diario\/wp-json\/wp\/v2\/users\/1"}],"replies":[{"embeddable":true,"href":"https:\/\/armstrongyregion.com.ar\/diario\/wp-json\/wp\/v2\/comments?post=20218"}],"version-history":[{"count":0,"href":"https:\/\/armstrongyregion.com.ar\/diario\/wp-json\/wp\/v2\/posts\/20218\/revisions"}],"wp:featuredmedia":[{"embeddable":true,"href":"https:\/\/armstrongyregion.com.ar\/diario\/wp-json\/wp\/v2\/media\/20219"}],"wp:attachment":[{"href":"https:\/\/armstrongyregion.com.ar\/diario\/wp-json\/wp\/v2\/media?parent=20218"}],"wp:term":[{"taxonomy":"category","embeddable":true,"href":"https:\/\/armstrongyregion.com.ar\/diario\/wp-json\/wp\/v2\/categories?post=20218"},{"taxonomy":"post_tag","embeddable":true,"href":"https:\/\/armstrongyregion.com.ar\/diario\/wp-json\/wp\/v2\/tags?post=20218"}],"curies":[{"name":"wp","href":"https:\/\/api.w.org\/{rel}","templated":true}]}}