{"id":20207,"date":"2019-01-31T12:52:50","date_gmt":"2019-01-31T12:52:50","guid":{"rendered":"https:\/\/armstrongyregion.com.ar\/diario\/?p=20207"},"modified":"2019-01-31T12:52:50","modified_gmt":"2019-01-31T12:52:50","slug":"la-comuna-de-correa-pone-en-marcha-capacitaciones-en-oficios","status":"publish","type":"post","link":"https:\/\/armstrongyregion.com.ar\/diario\/la-comuna-de-correa-pone-en-marcha-capacitaciones-en-oficios\/","title":{"rendered":"La Comuna de Correa pone en marcha Capacitaciones en Oficios."},"content":{"rendered":"<div id=\"attachment_20208\" style=\"width: 610px\" class=\"wp-caption alignnone\"><a href=\"http:\/\/armstrongyregion.com.ar\/diario\/wp-content\/uploads\/2019\/01\/Curso-02.jpg\"><img loading=\"lazy\" decoding=\"async\" aria-describedby=\"caption-attachment-20208\" class=\"size-full wp-image-20208\" src=\"http:\/\/armstrongyregion.com.ar\/diario\/wp-content\/uploads\/2019\/01\/Curso-02.jpg\" alt=\"carpinteria\" width=\"600\" height=\"600\" srcset=\"https:\/\/armstrongyregion.com.ar\/diario\/wp-content\/uploads\/2019\/01\/Curso-02.jpg 600w, https:\/\/armstrongyregion.com.ar\/diario\/wp-content\/uploads\/2019\/01\/Curso-02-150x150.jpg 150w, https:\/\/armstrongyregion.com.ar\/diario\/wp-content\/uploads\/2019\/01\/Curso-02-300x300.jpg 300w, https:\/\/armstrongyregion.com.ar\/diario\/wp-content\/uploads\/2019\/01\/Curso-02-144x144.jpg 144w\" sizes=\"auto, (max-width: 600px) 100vw, 600px\" \/><\/a><p id=\"caption-attachment-20208\" class=\"wp-caption-text\">carpinteria<\/p><\/div>\n<p style=\"font-weight: 400;\">En los primeros d\u00edas del mes de febrero la Comuna de Correa dar\u00e1 inicio a dos nuevas instancias de capacitaci\u00f3n gratuitas: \u201cIniciaci\u00f3n en Carpinter\u00eda\u201d y \u201cArreglo y Compostura General del Calzado\u201d.<\/p>\n<div id=\"attachment_20209\" style=\"width: 610px\" class=\"wp-caption alignnone\"><a href=\"http:\/\/armstrongyregion.com.ar\/diario\/wp-content\/uploads\/2019\/01\/Curso-01.jpg\"><img loading=\"lazy\" decoding=\"async\" aria-describedby=\"caption-attachment-20209\" class=\"size-full wp-image-20209\" src=\"http:\/\/armstrongyregion.com.ar\/diario\/wp-content\/uploads\/2019\/01\/Curso-01.jpg\" alt=\"Imprimir\" width=\"600\" height=\"600\" srcset=\"https:\/\/armstrongyregion.com.ar\/diario\/wp-content\/uploads\/2019\/01\/Curso-01.jpg 600w, https:\/\/armstrongyregion.com.ar\/diario\/wp-content\/uploads\/2019\/01\/Curso-01-150x150.jpg 150w, https:\/\/armstrongyregion.com.ar\/diario\/wp-content\/uploads\/2019\/01\/Curso-01-300x300.jpg 300w, https:\/\/armstrongyregion.com.ar\/diario\/wp-content\/uploads\/2019\/01\/Curso-01-144x144.jpg 144w\" sizes=\"auto, (max-width: 600px) 100vw, 600px\" \/><\/a><p id=\"caption-attachment-20209\" class=\"wp-caption-text\">Imprimir<\/p><\/div>\n<p style=\"font-weight: 400;\">Los interesados pueden inscribirse hasta el viernes 1 de febrero en mesa de entrada del edificio comunal.<\/p>\n<p style=\"font-weight: 400;\">En el primero de ellos las clases comenzar\u00e1n el martes 5 de febrero, mientras que el segundo lo har\u00e1 el lunes 4. Ambos cursos se dictar\u00e1n a desde las 19 hs.<\/p>\n","protected":false},"excerpt":{"rendered":"<p>En los primeros d\u00edas del mes de febrero la Comuna de Correa dar\u00e1 inicio a dos nuevas instancias de capacitaci\u00f3n gratuitas: \u201cIniciaci\u00f3n en Carpinter\u00eda\u201d y \u201cArreglo y Compostura General del Calzado\u201d. Los interesados pueden inscribirse hasta el viernes 1 de febrero en mesa de entrada del edificio comunal. En el primero de ellos las clases <a href=\"https:\/\/armstrongyregion.com.ar\/diario\/la-comuna-de-correa-pone-en-marcha-capacitaciones-en-oficios\/\" title=\"Read more\" >&#8230;<\/a><\/p>\n","protected":false},"author":1,"featured_media":20208,"comment_status":"open","ping_status":"open","sticky":false,"template":"","format":"standard","meta":{"_jetpack_memberships_contains_paid_content":false,"footnotes":"","jetpack_publicize_message":"","jetpack_publicize_feature_enabled":true,"jetpack_social_post_already_shared":false,"jetpack_social_options":{"image_generator_settings":{"template":"highway","default_image_id":0,"enabled":false},"version":2}},"categories":[6,8,1,7,3],"tags":[20,7512,303,15,276,4463,388,13],"class_list":["post-20207","post","type-post","status-publish","format-standard","has-post-thumbnail","hentry","category-cultura-entretenimiento","category-deliberando","category-diario-armstrong","category-politica","category-region","tag-armstrong","tag-capacitaciones","tag-correa","tag-en","tag-marcha","tag-pone","tag-region-2","tag-y"],"jetpack_publicize_connections":[],"jetpack_featured_media_url":"https:\/\/armstrongyregion.com.ar\/diario\/wp-content\/uploads\/2019\/01\/Curso-02.jpg","jetpack_shortlink":"https:\/\/wp.me\/p62QDO-5fV","jetpack_sharing_enabled":true,"amp_enabled":true,"_links":{"self":[{"href":"https:\/\/armstrongyregion.com.ar\/diario\/wp-json\/wp\/v2\/posts\/20207","targetHints":{"allow":["GET"]}}],"collection":[{"href":"https:\/\/armstrongyregion.com.ar\/diario\/wp-json\/wp\/v2\/posts"}],"about":[{"href":"https:\/\/armstrongyregion.com.ar\/diario\/wp-json\/wp\/v2\/types\/post"}],"author":[{"embeddable":true,"href":"https:\/\/armstrongyregion.com.ar\/diario\/wp-json\/wp\/v2\/users\/1"}],"replies":[{"embeddable":true,"href":"https:\/\/armstrongyregion.com.ar\/diario\/wp-json\/wp\/v2\/comments?post=20207"}],"version-history":[{"count":0,"href":"https:\/\/armstrongyregion.com.ar\/diario\/wp-json\/wp\/v2\/posts\/20207\/revisions"}],"wp:featuredmedia":[{"embeddable":true,"href":"https:\/\/armstrongyregion.com.ar\/diario\/wp-json\/wp\/v2\/media\/20208"}],"wp:attachment":[{"href":"https:\/\/armstrongyregion.com.ar\/diario\/wp-json\/wp\/v2\/media?parent=20207"}],"wp:term":[{"taxonomy":"category","embeddable":true,"href":"https:\/\/armstrongyregion.com.ar\/diario\/wp-json\/wp\/v2\/categories?post=20207"},{"taxonomy":"post_tag","embeddable":true,"href":"https:\/\/armstrongyregion.com.ar\/diario\/wp-json\/wp\/v2\/tags?post=20207"}],"curies":[{"name":"wp","href":"https:\/\/api.w.org\/{rel}","templated":true}]}}