{"id":20205,"date":"2019-01-31T12:45:05","date_gmt":"2019-01-31T12:45:05","guid":{"rendered":"https:\/\/armstrongyregion.com.ar\/diario\/?p=20205"},"modified":"2019-01-31T12:45:05","modified_gmt":"2019-01-31T12:45:05","slug":"luis-rubeo-lifschitz-busca-reditos-electorales-disfrazandose-de-reformista","status":"publish","type":"post","link":"https:\/\/armstrongyregion.com.ar\/diario\/luis-rubeo-lifschitz-busca-reditos-electorales-disfrazandose-de-reformista\/","title":{"rendered":"Luis Rubeo: \u00abLifschitz busca r\u00e9ditos electorales disfraz\u00e1ndose de reformista\u00bb."},"content":{"rendered":"<h2 class=\"m_1427371897928709890null\" dir=\"ltr\"><a href=\"http:\/\/armstrongyregion.com.ar\/diario\/wp-content\/uploads\/2018\/11\/Rubeo-Nov-18.jpg\"><img loading=\"lazy\" decoding=\"async\" class=\"alignnone size-full wp-image-19480\" src=\"http:\/\/armstrongyregion.com.ar\/diario\/wp-content\/uploads\/2018\/11\/Rubeo-Nov-18.jpg\" alt=\"Rubeo-Nov-18\" width=\"768\" height=\"576\" srcset=\"https:\/\/armstrongyregion.com.ar\/diario\/wp-content\/uploads\/2018\/11\/Rubeo-Nov-18.jpg 768w, https:\/\/armstrongyregion.com.ar\/diario\/wp-content\/uploads\/2018\/11\/Rubeo-Nov-18-300x225.jpg 300w\" sizes=\"auto, (max-width: 768px) 100vw, 768px\" \/><\/a>El diputado Luis Rubeo sali\u00f3 al cruce de las declaraciones realizadas por el gobernador Miguel Lifschitz respecto a su deseo de \u201cformar parte del poder legislativo y dar lugar a una posible reforma de la constituci\u00f3n\u00bb<br \/>\n\u201cEl gobernador deber\u00eda enviar el mensaje a extraordinarias como se lo venimos planteando desde el a\u00f1o pasado, en lugar de buscar posicionarse de cara a las pr\u00f3ximas elecciones. Todos vamos a estar de acuerdo con la reforma, es muy clara la necesidad de Lifschitz de querer realizar mediciones electoralistas disfrazadas en una consulta popular acerca de la reforma constitucional\u00bb sostuvo el legislador peronista qui\u00e9n advirti\u00f3 que si bien le parece acertado que se discuta el tema, \u201cel gobernador deber\u00eda ocuparse de la dif\u00edcil\u00a0 situaci\u00f3n que atraviesa la provincia, cuya industria demuestra en lo que va del a\u00f1o, seg\u00fan datos aportados por el Indec una ca\u00edda del 3.8 por ciento y una tendencia de achicamiento de la peque\u00f1a y mediana empresa realmente alarmante\u201d.<br \/>\nAs\u00ed Rubeo se refiri\u00f3 a los datos que los industriales compartieron recientemente, los cuales se mostraron fuertemente preocupados por la falta de respuestas que el gobierno santafesino implementa ante la creciente ca\u00edda del sector que incluye una importante p\u00e9rdida de puestos laborales\u00a0 que sumados a la inflaci\u00f3n, el aumento de tarifas y el movimiento del d\u00f3lar prev\u00e9n un panorama desalentador para el a\u00f1o que reci\u00e9n comienza.cuya industria demuestra en lo que va del a\u00f1o, seg\u00fan datos aportados por el Indec una ca\u00edda del 3.8 por ciento y una tendencia de achicamiento de la peque\u00f1a y mediana empresa realmente alarmante\u201d.<\/h2>\n","protected":false},"excerpt":{"rendered":"<p>El diputado Luis Rubeo sali\u00f3 al cruce de las declaraciones realizadas por el gobernador Miguel Lifschitz respecto a su deseo de \u201cformar parte del poder legislativo y dar lugar a una posible reforma de la constituci\u00f3n\u00bb \u201cEl gobernador deber\u00eda enviar el mensaje a extraordinarias como se lo venimos planteando desde el a\u00f1o pasado, en lugar <a href=\"https:\/\/armstrongyregion.com.ar\/diario\/luis-rubeo-lifschitz-busca-reditos-electorales-disfrazandose-de-reformista\/\" title=\"Read more\" >&#8230;<\/a><\/p>\n","protected":false},"author":1,"featured_media":19480,"comment_status":"open","ping_status":"open","sticky":false,"template":"","format":"standard","meta":{"_jetpack_memberships_contains_paid_content":false,"footnotes":"","jetpack_publicize_message":"","jetpack_publicize_feature_enabled":true,"jetpack_social_post_already_shared":false,"jetpack_social_options":{"image_generator_settings":{"template":"highway","default_image_id":0,"enabled":false},"version":2}},"categories":[8,1,2,7,3],"tags":[7511],"class_list":["post-20205","post","type-post","status-publish","format-standard","has-post-thumbnail","hentry","category-deliberando","category-diario-armstrong","category-locales","category-politica","category-region","tag-lifschitz-busca-reditos-electorales-disfrazandose-de-reformista"],"jetpack_publicize_connections":[],"jetpack_featured_media_url":"https:\/\/armstrongyregion.com.ar\/diario\/wp-content\/uploads\/2018\/11\/Rubeo-Nov-18.jpg","jetpack_shortlink":"https:\/\/wp.me\/p62QDO-5fT","jetpack_sharing_enabled":true,"amp_enabled":true,"_links":{"self":[{"href":"https:\/\/armstrongyregion.com.ar\/diario\/wp-json\/wp\/v2\/posts\/20205","targetHints":{"allow":["GET"]}}],"collection":[{"href":"https:\/\/armstrongyregion.com.ar\/diario\/wp-json\/wp\/v2\/posts"}],"about":[{"href":"https:\/\/armstrongyregion.com.ar\/diario\/wp-json\/wp\/v2\/types\/post"}],"author":[{"embeddable":true,"href":"https:\/\/armstrongyregion.com.ar\/diario\/wp-json\/wp\/v2\/users\/1"}],"replies":[{"embeddable":true,"href":"https:\/\/armstrongyregion.com.ar\/diario\/wp-json\/wp\/v2\/comments?post=20205"}],"version-history":[{"count":0,"href":"https:\/\/armstrongyregion.com.ar\/diario\/wp-json\/wp\/v2\/posts\/20205\/revisions"}],"wp:featuredmedia":[{"embeddable":true,"href":"https:\/\/armstrongyregion.com.ar\/diario\/wp-json\/wp\/v2\/media\/19480"}],"wp:attachment":[{"href":"https:\/\/armstrongyregion.com.ar\/diario\/wp-json\/wp\/v2\/media?parent=20205"}],"wp:term":[{"taxonomy":"category","embeddable":true,"href":"https:\/\/armstrongyregion.com.ar\/diario\/wp-json\/wp\/v2\/categories?post=20205"},{"taxonomy":"post_tag","embeddable":true,"href":"https:\/\/armstrongyregion.com.ar\/diario\/wp-json\/wp\/v2\/tags?post=20205"}],"curies":[{"name":"wp","href":"https:\/\/api.w.org\/{rel}","templated":true}]}}