{"id":20199,"date":"2019-01-30T14:34:38","date_gmt":"2019-01-30T14:34:38","guid":{"rendered":"https:\/\/armstrongyregion.com.ar\/diario\/?p=20199"},"modified":"2019-01-30T14:34:38","modified_gmt":"2019-01-30T14:34:38","slug":"informe-de-la-agencia-provincial-de-seguridad-vial","status":"publish","type":"post","link":"https:\/\/armstrongyregion.com.ar\/diario\/informe-de-la-agencia-provincial-de-seguridad-vial\/","title":{"rendered":"Informe de la Agencia Provincial de Seguridad Vial."},"content":{"rendered":"<p><a href=\"http:\/\/armstrongyregion.com.ar\/diario\/wp-content\/uploads\/2019\/01\/vial-1.jpg\"><img loading=\"lazy\" decoding=\"async\" class=\"alignnone size-full wp-image-20200\" src=\"http:\/\/armstrongyregion.com.ar\/diario\/wp-content\/uploads\/2019\/01\/vial-1.jpg\" alt=\"vial-1\" width=\"768\" height=\"430\" srcset=\"https:\/\/armstrongyregion.com.ar\/diario\/wp-content\/uploads\/2019\/01\/vial-1.jpg 768w, https:\/\/armstrongyregion.com.ar\/diario\/wp-content\/uploads\/2019\/01\/vial-1-300x168.jpg 300w\" sizes=\"auto, (max-width: 768px) 100vw, 768px\" \/><\/a>\u00a0 Habi\u00e9ndose tomado conocimiento de un video que circula por redes sociales donde un Sr. informa respecto de la validez de la C\u00e9dula Verde para circular corresponde informar lo siguiente:<\/p>\n<p>&nbsp;<\/p>\n<p><strong>\u00a0\u00a0\u00a0\u00a0\u00a0\u00a0\u00a0\u00a0\u00a0\u00a0\u00a0 La Ley Nacional N.\u00ba 24449 <\/strong>\u2013 Ley Nacional de Tr\u00e1nsito-<strong>\u00a0 <\/strong>establece en su art\u00edculo 40 cuales son los requisitos para circular. Espec\u00edficamente en el inciso b) refiere a que <em>porte la c\u00e9dula de identificaci\u00f3n del mismo.<\/em><\/p>\n<p><em>\u00a0\u00a0\u00a0\u00a0\u00a0\u00a0\u00a0\u00a0\u00a0\u00a0\u00a0 <\/em>Asimismo, el <strong>Decreto Nacional N\u00b0 779\/95<\/strong> reglamentario de la ley 24449, establece en el art\u00edculo 40 inc b) <em>Portar la c\u00e9dula de Identificaci\u00f3n del Automotor, de acuerdo con las caracter\u00edsticas que al efecto disponga la DIRECCI\u00d3N NACIONAL DE LOS REGISTROS NACIONALES DE LA PROPIEDAD DEL AUTOMOTOR Y DE CR\u00c9DITOS PRENDARIOS. La leg\u00edtima tenencia de la misma ser\u00e1 suficiente acreditaci\u00f3n del uso legal del veh\u00edculo por cualquier conductor, sin que pueda serle impedida la circulaci\u00f3n salvo que haya sido obtenida mediante robo, hurto, enga\u00f1o o abuso de confianza u otras excepciones que establezca la Autoridad de Aplicaci\u00f3n del presente.<\/em><\/p>\n<p><em>\u00a0\u00a0\u00a0\u00a0\u00a0\u00a0\u00a0\u00a0\u00a0\u00a0\u00a0 <\/em>Por su parte, la Direcci\u00f3n Nacional de los Registros Nacionales de la Propiedad Automotor y de Cr\u00e9ditos Prendarios, mediante la<strong> Disposici\u00f3n N.\u00ba 79\/2006,<\/strong> estableci\u00f3 que el titular del veh\u00edculo puede solicitar ante el Registro de la Propiedad del Automotor en el cual est\u00e1 radicado el rodado la expedici\u00f3n de una o m\u00e1s C\u00e9dula\/s Azul\/es (C\u00e9dula\/s de identificaci\u00f3n para autorizado a conducir), a fin de instrumentar documentalmente la autorizaci\u00f3n a un tercero para usar el automotor.<\/p>\n<p>La incorporaci\u00f3n de este documento se justific\u00f3 para mejorar la seguridad vial en su conjunto y la seguridad del propietario del automotor y del conductor en particular, para restringir la utilizaci\u00f3n de los veh\u00edculos s\u00f3lo a aquellas personas que est\u00e9n autorizadas por los propietarios, permitiendo que toda persona que circula con un automotor sea el titular registral o un autorizado por \u00e9ste, cuente con una identificaci\u00f3n.<\/p>\n<p>Por otra parte, el <strong>Digesto de Normas T\u00e9cnico Registrables<\/strong> establece en el T\u00edtulo II, Cap\u00edtulo IX respecto de la C\u00e9dula de Identificaci\u00f3n del automotor <em>Art\u00edculo 4\u00ba.- <\/em><em>Salvo en los casos en que expresamente se determine un plazo menor (v. gr. automotores importados temporalmente), las C\u00e9dulas de Identificaci\u00f3n del Automotor y el Motoveh\u00edculo, cuyo modelo obra como Anexo I de la presente Secci\u00f3n, vencer\u00e1n a UN (1) a\u00f1o corrido de su expedici\u00f3n, excepto en poder del titular registral del automotor o cuando se trate de automotores destinados y debidamente habilitados por la autoridad competente al uso taxi o rem\u00eds, al servicio de alquiler sin conductor, al transporte de carga o de pasajeros o registrados a nombre del estado nacional, provincial o municipal, en cuyo caso no tendr\u00e1n plazo de vencimiento. Al efecto previsto en este art\u00edculo, los Encargados consignar\u00e1n en el espacio pertinente de las C\u00e9dulas la fecha de su vencimiento. <\/em><\/p>\n<p><strong>\u00a0\u00a0\u00a0\u00a0\u00a0\u00a0\u00a0\u00a0\u00a0\u00a0\u00a0 <\/strong>Asimismo, continua en la Secci\u00f3n 3\u00aa, Cap\u00edtulo IX, T\u00edtulo II del <strong>Digesto de Normas T\u00e9cnico-Registrales<\/strong>, Expedici\u00f3n de C\u00e9dula de Identificaci\u00f3n para Autorizado a Conducir. EXPEDICION DE C\u00c9DULA DE IDENTIFICACI\u00d3N PARA AUTORIZADO A CONDUCIR <em>Art\u00edculo 1<strong>\u00ba <\/strong><\/em>\u2014 <em>El titular registral podr\u00e1 solicitar al Registro la expedici\u00f3n de una o m\u00e1s \u00abC\u00e9dulas de Identificaci\u00f3n para Autorizado a Conducir\u00bb cuyo modelo obra como Anexo I de esta Secci\u00f3n, a fin de instrumentar documentalmente la autorizaci\u00f3n para usar el automotor que otorga a un tercero debidamente identificado, qui\u00e9n deber\u00e1 exhibirla para poder circular con el automotor. En caso de condominio podr\u00e1 efectuar esta solicitud cualquiera de los cond\u00f3minos.<\/em><\/p>\n<p><em>\u00a0\u00a0\u00a0\u00a0\u00a0\u00a0\u00a0\u00a0\u00a0\u00a0\u00a0 <\/em>La legislaci\u00f3n provincial, <strong>Ley N.\u00ba 13169- C\u00f3digo de Faltas de Tr\u00e1nsito de la Provincia de Santa Fe<\/strong>, enumera en el art\u00edculo 83 las faltas correspondientes por circular con automotor bajo diferentes circunstancias, y espec\u00edficamente expresa en el <em>inciso 7 Con c\u00e9dula de identificaci\u00f3n vencida, no siendo el titular ser\u00e1 sancionado con multa de 50 UF hasta 100 UF y en incumplimiento de las normas de transferencia del veh\u00edculo, ser\u00e1 sancionado con multa de 300 UF hasta 1000 UF.<\/em><\/p>\n<p>&nbsp;<\/p>\n<p>De todo lo transcripto, surge claramente lo siguiente:<\/p>\n<p>&nbsp;<\/p>\n<p>&#8211; Que la Ley Nacional de Tr\u00e1nsito establece como exigencia que la c\u00e9dula de identificaci\u00f3n del veh\u00edculo \u2013 denominada tarjeta verde-\u00a0 constituye un requisito para circular.<\/p>\n<p>&nbsp;<\/p>\n<p>&#8211; Que la c\u00e9dula de identificaci\u00f3n tiene vigencia por 1 (un) a\u00f1o, EXCEPTO para el titular del veh\u00edculo, para quien no opera ese vencimiento.<\/p>\n<p>&nbsp;<\/p>\n<p>&#8211; Que estando vencida la c\u00e9dula de identificaci\u00f3n, quien no es titular del veh\u00edculo debe portar una c\u00e9dula de autorizado a conducir \u2013 c\u00e9dula azul- o autorizaci\u00f3n expedida ante Escribano P\u00fablico y deber\u00e1 exhibirla para poder circular con el automotor.<\/p>\n<p>&nbsp;<\/p>\n<p>&#8211; Que la provincia de Santa Fe tipifica expresamente como falta de tr\u00e1nsito que el conductor no titular no porte la c\u00e9dula correspondiente.<\/p>\n<p>&nbsp;<\/p>\n<p>&#8211; que la expresi\u00f3n que se menciona en el video, cuando se refiere a portar la c\u00e9dula de identificaci\u00f3n del automotor <strong>vencida o no, <\/strong>fue vetada por el art\u00edculo 8 del Decreto 179\/1995 \u2013 BO 10\/02\/1995.<\/p>\n<p>&nbsp;<\/p>\n<p>&nbsp;<\/p>\n<p>&nbsp;<\/p>\n<p>&nbsp;<\/p>\n","protected":false},"excerpt":{"rendered":"<p>\u00a0 Habi\u00e9ndose tomado conocimiento de un video que circula por redes sociales donde un Sr. informa respecto de la validez de la C\u00e9dula Verde para circular corresponde informar lo siguiente: &nbsp; \u00a0\u00a0\u00a0\u00a0\u00a0\u00a0\u00a0\u00a0\u00a0\u00a0\u00a0 La Ley Nacional N.\u00ba 24449 \u2013 Ley Nacional de Tr\u00e1nsito-\u00a0 establece en su art\u00edculo 40 cuales son los requisitos para circular. Espec\u00edficamente en <a href=\"https:\/\/armstrongyregion.com.ar\/diario\/informe-de-la-agencia-provincial-de-seguridad-vial\/\" title=\"Read more\" >&#8230;<\/a><\/p>\n","protected":false},"author":1,"featured_media":20200,"comment_status":"open","ping_status":"open","sticky":false,"template":"","format":"standard","meta":{"_jetpack_memberships_contains_paid_content":false,"footnotes":"","jetpack_publicize_message":"","jetpack_publicize_feature_enabled":true,"jetpack_social_post_already_shared":false,"jetpack_social_options":{"image_generator_settings":{"template":"highway","default_image_id":0,"enabled":false},"version":2}},"categories":[8,1,2,3],"tags":[7510],"class_list":["post-20199","post","type-post","status-publish","format-standard","has-post-thumbnail","hentry","category-deliberando","category-diario-armstrong","category-locales","category-region","tag-informe-de-la-agencia-provincial-de-seguridad-vial"],"jetpack_publicize_connections":[],"jetpack_featured_media_url":"https:\/\/armstrongyregion.com.ar\/diario\/wp-content\/uploads\/2019\/01\/vial-1.jpg","jetpack_shortlink":"https:\/\/wp.me\/p62QDO-5fN","jetpack_sharing_enabled":true,"amp_enabled":true,"_links":{"self":[{"href":"https:\/\/armstrongyregion.com.ar\/diario\/wp-json\/wp\/v2\/posts\/20199","targetHints":{"allow":["GET"]}}],"collection":[{"href":"https:\/\/armstrongyregion.com.ar\/diario\/wp-json\/wp\/v2\/posts"}],"about":[{"href":"https:\/\/armstrongyregion.com.ar\/diario\/wp-json\/wp\/v2\/types\/post"}],"author":[{"embeddable":true,"href":"https:\/\/armstrongyregion.com.ar\/diario\/wp-json\/wp\/v2\/users\/1"}],"replies":[{"embeddable":true,"href":"https:\/\/armstrongyregion.com.ar\/diario\/wp-json\/wp\/v2\/comments?post=20199"}],"version-history":[{"count":0,"href":"https:\/\/armstrongyregion.com.ar\/diario\/wp-json\/wp\/v2\/posts\/20199\/revisions"}],"wp:featuredmedia":[{"embeddable":true,"href":"https:\/\/armstrongyregion.com.ar\/diario\/wp-json\/wp\/v2\/media\/20200"}],"wp:attachment":[{"href":"https:\/\/armstrongyregion.com.ar\/diario\/wp-json\/wp\/v2\/media?parent=20199"}],"wp:term":[{"taxonomy":"category","embeddable":true,"href":"https:\/\/armstrongyregion.com.ar\/diario\/wp-json\/wp\/v2\/categories?post=20199"},{"taxonomy":"post_tag","embeddable":true,"href":"https:\/\/armstrongyregion.com.ar\/diario\/wp-json\/wp\/v2\/tags?post=20199"}],"curies":[{"name":"wp","href":"https:\/\/api.w.org\/{rel}","templated":true}]}}