{"id":20183,"date":"2019-01-29T11:46:26","date_gmt":"2019-01-29T11:46:26","guid":{"rendered":"https:\/\/armstrongyregion.com.ar\/diario\/?p=20183"},"modified":"2019-01-29T11:46:26","modified_gmt":"2019-01-29T11:46:26","slug":"esta-semana-comienza-un-nuevo-ciclo-de-verano-en-tu-ciudad","status":"publish","type":"post","link":"https:\/\/armstrongyregion.com.ar\/diario\/esta-semana-comienza-un-nuevo-ciclo-de-verano-en-tu-ciudad\/","title":{"rendered":"Esta semana  comienza un nuevo ciclo de \u201cVerano en tu Ciudad\u201d."},"content":{"rendered":"<p><a href=\"http:\/\/armstrongyregion.com.ar\/diario\/wp-content\/uploads\/2019\/01\/Verano-tu-ciudad-2019.jpg\"><img loading=\"lazy\" decoding=\"async\" class=\"alignnone size-full wp-image-20184\" src=\"http:\/\/armstrongyregion.com.ar\/diario\/wp-content\/uploads\/2019\/01\/Verano-tu-ciudad-2019.jpg\" alt=\"Verano-tu-ciudad-2019\" width=\"500\" height=\"625\" srcset=\"https:\/\/armstrongyregion.com.ar\/diario\/wp-content\/uploads\/2019\/01\/Verano-tu-ciudad-2019.jpg 500w, https:\/\/armstrongyregion.com.ar\/diario\/wp-content\/uploads\/2019\/01\/Verano-tu-ciudad-2019-240x300.jpg 240w\" sizes=\"auto, (max-width: 500px) 100vw, 500px\" \/><\/a>La Municipalidad de Armstrong \u00a0invita a toda la poblaci\u00f3n para participar de un nuevo ciclo \u201cVerano en tu ciudad\u201d, con distintas actividades gratuitas destinadas a chicos y grandes, y que se desarrollar\u00e1n en espacios de la ciudad.<\/p>\n<p>Las mismas comienzan el d\u00eda mi\u00e9rcoles 30 de enero, a las 21 hs. en la Plaza Nona Rocha con un picnic nocturno a la canasta.<\/p>\n<p>El jueves 31 a las \u00a020,30 hs. comenzar\u00e1 la primera jornada de Cinerama en la misma plaza con el film \u201cLos Incre\u00edbles 2\u201d.<\/p>\n<p>Como todos los a\u00f1os se contar\u00e1 con la participaci\u00f3n y colaboraci\u00f3n de los integrantes del Departamento de Juventud.<\/p>\n","protected":false},"excerpt":{"rendered":"<p>La Municipalidad de Armstrong \u00a0invita a toda la poblaci\u00f3n para participar de un nuevo ciclo \u201cVerano en tu ciudad\u201d, con distintas actividades gratuitas destinadas a chicos y grandes, y que se desarrollar\u00e1n en espacios de la ciudad. Las mismas comienzan el d\u00eda mi\u00e9rcoles 30 de enero, a las 21 hs. en la Plaza Nona Rocha <a href=\"https:\/\/armstrongyregion.com.ar\/diario\/esta-semana-comienza-un-nuevo-ciclo-de-verano-en-tu-ciudad\/\" title=\"Read more\" >&#8230;<\/a><\/p>\n","protected":false},"author":1,"featured_media":20184,"comment_status":"open","ping_status":"open","sticky":false,"template":"","format":"standard","meta":{"_jetpack_memberships_contains_paid_content":false,"footnotes":"","jetpack_publicize_message":"","jetpack_publicize_feature_enabled":true,"jetpack_social_post_already_shared":false,"jetpack_social_options":{"image_generator_settings":{"template":"highway","default_image_id":0,"enabled":false},"version":2}},"categories":[6,8,1,2,3],"tags":[7461,20,390,15,388,584,264,13],"class_list":["post-20183","post","type-post","status-publish","format-standard","has-post-thumbnail","hentry","category-cultura-entretenimiento","category-deliberando","category-diario-armstrong","category-locales","category-region","tag-7461","tag-armstrong","tag-ciudad","tag-en","tag-region-2","tag-tu","tag-verano","tag-y"],"jetpack_publicize_connections":[],"jetpack_featured_media_url":"https:\/\/armstrongyregion.com.ar\/diario\/wp-content\/uploads\/2019\/01\/Verano-tu-ciudad-2019.jpg","jetpack_shortlink":"https:\/\/wp.me\/p62QDO-5fx","jetpack_sharing_enabled":true,"amp_enabled":true,"_links":{"self":[{"href":"https:\/\/armstrongyregion.com.ar\/diario\/wp-json\/wp\/v2\/posts\/20183","targetHints":{"allow":["GET"]}}],"collection":[{"href":"https:\/\/armstrongyregion.com.ar\/diario\/wp-json\/wp\/v2\/posts"}],"about":[{"href":"https:\/\/armstrongyregion.com.ar\/diario\/wp-json\/wp\/v2\/types\/post"}],"author":[{"embeddable":true,"href":"https:\/\/armstrongyregion.com.ar\/diario\/wp-json\/wp\/v2\/users\/1"}],"replies":[{"embeddable":true,"href":"https:\/\/armstrongyregion.com.ar\/diario\/wp-json\/wp\/v2\/comments?post=20183"}],"version-history":[{"count":0,"href":"https:\/\/armstrongyregion.com.ar\/diario\/wp-json\/wp\/v2\/posts\/20183\/revisions"}],"wp:featuredmedia":[{"embeddable":true,"href":"https:\/\/armstrongyregion.com.ar\/diario\/wp-json\/wp\/v2\/media\/20184"}],"wp:attachment":[{"href":"https:\/\/armstrongyregion.com.ar\/diario\/wp-json\/wp\/v2\/media?parent=20183"}],"wp:term":[{"taxonomy":"category","embeddable":true,"href":"https:\/\/armstrongyregion.com.ar\/diario\/wp-json\/wp\/v2\/categories?post=20183"},{"taxonomy":"post_tag","embeddable":true,"href":"https:\/\/armstrongyregion.com.ar\/diario\/wp-json\/wp\/v2\/tags?post=20183"}],"curies":[{"name":"wp","href":"https:\/\/api.w.org\/{rel}","templated":true}]}}