{"id":20168,"date":"2019-01-28T16:28:22","date_gmt":"2019-01-28T16:28:22","guid":{"rendered":"https:\/\/armstrongyregion.com.ar\/diario\/?p=20168"},"modified":"2019-01-28T16:28:22","modified_gmt":"2019-01-28T16:28:22","slug":"julieta-marucco-participo-en-el-escenario-mayor-en-cosquin","status":"publish","type":"post","link":"https:\/\/armstrongyregion.com.ar\/diario\/julieta-marucco-participo-en-el-escenario-mayor-en-cosquin\/","title":{"rendered":"Julieta Marucco participo en el escenario mayor en Cosqu\u00edn."},"content":{"rendered":"<p><a href=\"http:\/\/armstrongyregion.com.ar\/diario\/wp-content\/uploads\/2019\/01\/Julieta-Marucco-.jpg\"><img loading=\"lazy\" decoding=\"async\" class=\"alignnone size-full wp-image-20169\" src=\"http:\/\/armstrongyregion.com.ar\/diario\/wp-content\/uploads\/2019\/01\/Julieta-Marucco-.jpg\" alt=\"Julieta-Marucco-\" width=\"720\" height=\"480\" srcset=\"https:\/\/armstrongyregion.com.ar\/diario\/wp-content\/uploads\/2019\/01\/Julieta-Marucco-.jpg 720w, https:\/\/armstrongyregion.com.ar\/diario\/wp-content\/uploads\/2019\/01\/Julieta-Marucco--300x200.jpg 300w\" sizes=\"auto, (max-width: 720px) 100vw, 720px\" \/><\/a>La artista ca\u00f1adense actu\u00f3 en la segunda luna del Festival de Cosqu\u00edn.<\/p>\n<p><a href=\"http:\/\/armstrongyregion.com.ar\/diario\/wp-content\/uploads\/2019\/01\/Julieta.marucco-3-.jpg\"><img loading=\"lazy\" decoding=\"async\" class=\"alignnone size-full wp-image-20170\" src=\"http:\/\/armstrongyregion.com.ar\/diario\/wp-content\/uploads\/2019\/01\/Julieta.marucco-3-.jpg\" alt=\"Julieta.marucco-3-\" width=\"720\" height=\"480\" srcset=\"https:\/\/armstrongyregion.com.ar\/diario\/wp-content\/uploads\/2019\/01\/Julieta.marucco-3-.jpg 720w, https:\/\/armstrongyregion.com.ar\/diario\/wp-content\/uploads\/2019\/01\/Julieta.marucco-3--300x200.jpg 300w\" sizes=\"auto, (max-width: 720px) 100vw, 720px\" \/><\/a>Julieta subi\u00f3 al escenario este domingo y cant\u00f3 acompa\u00f1ada de su grupo luego de la participaci\u00f3n de Luciano Pereyra.<br \/>\n<a href=\"http:\/\/armstrongyregion.com.ar\/diario\/wp-content\/uploads\/2019\/01\/Julieta.marucco-2-.jpg\"><img loading=\"lazy\" decoding=\"async\" class=\"alignnone size-full wp-image-20171\" src=\"http:\/\/armstrongyregion.com.ar\/diario\/wp-content\/uploads\/2019\/01\/Julieta.marucco-2-.jpg\" alt=\"Julieta.marucco-2-\" width=\"960\" height=\"719\" srcset=\"https:\/\/armstrongyregion.com.ar\/diario\/wp-content\/uploads\/2019\/01\/Julieta.marucco-2-.jpg 960w, https:\/\/armstrongyregion.com.ar\/diario\/wp-content\/uploads\/2019\/01\/Julieta.marucco-2--300x225.jpg 300w\" sizes=\"auto, (max-width: 960px) 100vw, 960px\" \/><\/a>Su actuaci\u00f3n fue descripta por el diario La Voz diciendo que \u201cJulieta Marucco, una joven santafesina, charango en mano y mucha convicci\u00f3n para buscar su destino en la escena del canto, sigui\u00f3 la lucha por esa atenci\u00f3n. La inmensa mayor\u00eda de la gente segu\u00eda en la plaza: es que una platea, para tantos, suele ser como un tren quieto dispuesto a poner los sentidos en acci\u00f3n con cada estaci\u00f3n que ofrece la la noche\u201d.<\/p>\n<p>Fuente: Otro Dia.com<\/p>\n<p>Fotografias: Mario Gaset.<\/p>\n","protected":false},"excerpt":{"rendered":"<p>La artista ca\u00f1adense actu\u00f3 en la segunda luna del Festival de Cosqu\u00edn. Julieta subi\u00f3 al escenario este domingo y cant\u00f3 acompa\u00f1ada de su grupo luego de la participaci\u00f3n de Luciano Pereyra. Su actuaci\u00f3n fue descripta por el diario La Voz diciendo que \u201cJulieta Marucco, una joven santafesina, charango en mano y mucha convicci\u00f3n para buscar <a href=\"https:\/\/armstrongyregion.com.ar\/diario\/julieta-marucco-participo-en-el-escenario-mayor-en-cosquin\/\" title=\"Read more\" >&#8230;<\/a><\/p>\n","protected":false},"author":1,"featured_media":20169,"comment_status":"open","ping_status":"open","sticky":false,"template":"","format":"standard","meta":{"_jetpack_memberships_contains_paid_content":false,"footnotes":"","jetpack_publicize_message":"","jetpack_publicize_feature_enabled":true,"jetpack_social_post_already_shared":false,"jetpack_social_options":{"image_generator_settings":{"template":"highway","default_image_id":0,"enabled":false},"version":2}},"categories":[6,8,1,3],"tags":[20,654,448,7504,388,13],"class_list":["post-20168","post","type-post","status-publish","format-standard","has-post-thumbnail","hentry","category-cultura-entretenimiento","category-deliberando","category-diario-armstrong","category-region","tag-armstrong","tag-cosquin","tag-e","tag-julieta-marucco","tag-region-2","tag-y"],"jetpack_publicize_connections":[],"jetpack_featured_media_url":"https:\/\/armstrongyregion.com.ar\/diario\/wp-content\/uploads\/2019\/01\/Julieta-Marucco-.jpg","jetpack_shortlink":"https:\/\/wp.me\/p62QDO-5fi","jetpack_sharing_enabled":true,"amp_enabled":true,"_links":{"self":[{"href":"https:\/\/armstrongyregion.com.ar\/diario\/wp-json\/wp\/v2\/posts\/20168","targetHints":{"allow":["GET"]}}],"collection":[{"href":"https:\/\/armstrongyregion.com.ar\/diario\/wp-json\/wp\/v2\/posts"}],"about":[{"href":"https:\/\/armstrongyregion.com.ar\/diario\/wp-json\/wp\/v2\/types\/post"}],"author":[{"embeddable":true,"href":"https:\/\/armstrongyregion.com.ar\/diario\/wp-json\/wp\/v2\/users\/1"}],"replies":[{"embeddable":true,"href":"https:\/\/armstrongyregion.com.ar\/diario\/wp-json\/wp\/v2\/comments?post=20168"}],"version-history":[{"count":0,"href":"https:\/\/armstrongyregion.com.ar\/diario\/wp-json\/wp\/v2\/posts\/20168\/revisions"}],"wp:featuredmedia":[{"embeddable":true,"href":"https:\/\/armstrongyregion.com.ar\/diario\/wp-json\/wp\/v2\/media\/20169"}],"wp:attachment":[{"href":"https:\/\/armstrongyregion.com.ar\/diario\/wp-json\/wp\/v2\/media?parent=20168"}],"wp:term":[{"taxonomy":"category","embeddable":true,"href":"https:\/\/armstrongyregion.com.ar\/diario\/wp-json\/wp\/v2\/categories?post=20168"},{"taxonomy":"post_tag","embeddable":true,"href":"https:\/\/armstrongyregion.com.ar\/diario\/wp-json\/wp\/v2\/tags?post=20168"}],"curies":[{"name":"wp","href":"https:\/\/api.w.org\/{rel}","templated":true}]}}