{"id":20134,"date":"2019-01-25T02:15:07","date_gmt":"2019-01-25T02:15:07","guid":{"rendered":"https:\/\/armstrongyregion.com.ar\/diario\/?p=20134"},"modified":"2019-01-25T02:15:07","modified_gmt":"2019-01-25T02:15:07","slug":"lifschitz-dijo-que-sera-dificil-recuperar-y-mantener-las-economias-regionales","status":"publish","type":"post","link":"https:\/\/armstrongyregion.com.ar\/diario\/lifschitz-dijo-que-sera-dificil-recuperar-y-mantener-las-economias-regionales\/","title":{"rendered":"Lifschitz dijo que \u00abser\u00e1 dif\u00edcil recuperar y mantener las econom\u00edas regionales\u00bb"},"content":{"rendered":"<p><a href=\"http:\/\/armstrongyregion.com.ar\/diario\/wp-content\/uploads\/2019\/01\/Lifschitz.jpg\"><img loading=\"lazy\" decoding=\"async\" class=\"alignnone size-full wp-image-20135\" src=\"http:\/\/armstrongyregion.com.ar\/diario\/wp-content\/uploads\/2019\/01\/Lifschitz.jpg\" alt=\"Lifschitz\" width=\"768\" height=\"496\" srcset=\"https:\/\/armstrongyregion.com.ar\/diario\/wp-content\/uploads\/2019\/01\/Lifschitz.jpg 768w, https:\/\/armstrongyregion.com.ar\/diario\/wp-content\/uploads\/2019\/01\/Lifschitz-300x194.jpg 300w\" sizes=\"auto, (max-width: 768px) 100vw, 768px\" \/><\/a>Tras reunirse con el presidente Macri y representantes de otras provincias, el gobernador revel\u00f3 cu\u00e1les son los proyectos de Naci\u00f3n para asistir a las regiones afectadas por las lluvias.<\/p>\n<div>El gobernador Miguel Lifschitz revel\u00f3 cu\u00e1les son las propuestas de Naci\u00f3n para asistir a los sectores del pa\u00eds que sufrieron inundaciones por las lluvias y manifest\u00f3 que \u00abva a ser dif\u00edcil poder recuperar y mantener en funcionamiento las econom\u00edas regionales\u00bb.<\/div>\n<div>Tras mantener una reuni\u00f3n con el presidente Mauricio Macri, gran parte de su gabinete y gobernadores de otras provincias en la Casa Rosada, manifest\u00f3 que \u00abse repas\u00f3 la situaci\u00f3n de cada una de las provincias, y los problemas m\u00e1s importantes. Despu\u00e9s se plantearon algunas de las propuestas que tiene el gobierno nacional\u00bb.<\/div>\n<div>\n<div><span id=\"saysCMSEmphasiscpkhcq6qes\" class=\"saysCMSEmphasis\">Y agreg\u00f3: \u00abFundamentalmente que la declaraci\u00f3n de emergencia nacional que implica el diferimiento de impuestos y de compromisos con el Banco Naci\u00f3n y la Afip. Tambi\u00e9n se otorgar\u00e1n microcr\u00e9ditos para peque\u00f1os productores, y financiamientos m\u00e1s importantes con tasas subsidiadas a la mitad\u00bb.<\/span><\/div>\n<div>\u00abEsas fueron las propuestas m\u00e1s importantes. Adem\u00e1s ver los trabajos que las provincias venimos haciendo con el \u00e1rea de asuntos h\u00eddricos del Ministerio del Interior para coordinar el desarrollo y la financiaci\u00f3n de algunas obras que son importantes para la provincia\u00bb, agreg\u00f3.<\/div>\n<div>\n<div>Lifschitz remarc\u00f3 que durante la reuni\u00f3n \u00abno\u00bb se discuti\u00f3 sobre temas referidos a elecciones porque \u00abfue una reuni\u00f3n t\u00e9cnica sobre el tema que nos preocupa a todos, que son las inundaciones y su impacto sobre las ciudades, los cascos urbanos, y el sistema productivo\u00bb.<\/div>\n<div>\n<div class=\"tweet-quote-wrapper\"><span class=\"twitter-quote\">\u00abEn Santa Fe tenemos m\u00e1s de 500 mil hect\u00e1reas bajo agua en el norte de la provincia, que es un zona agr\u00edcola-ganadera muy importante.<\/span><i class=\"fa fa-twitter\"><\/i><\/div>\n<\/div>\n<div>\u00abEn el caso de Santa Fe, tenemos m\u00e1s de 500 mil hect\u00e1reas bajo agua en el norte de la provincia, que es un zona agr\u00edcola-ganadera muy importante. Gran parte de esta producci\u00f3n se est\u00e1 perdiendo, por lo cual va a ser dif\u00edcil recuperar y poder mantener en funcionamiento las econom\u00edas regionales\u00bb.<\/div>\n<div>Ante la consulta sobre cu\u00e1les cree que son los plazos que llevar\u00e1 la recuperaci\u00f3n de las econom\u00edas, dijo: \u00abPara el sector agropecuario entre 6 meses y un a\u00f1o, en la medida que el tiempo acompa\u00f1e. Porque es volver a sembrar y esperar la cosecha. Para la ganader\u00eda, cuando se han perdido animales, como ha ocurrido en muchos casos, el tiempo es mayor porque recuperar un animal de peso demanda dos a\u00f1os o un tiempo m\u00e1s prolongado. El impacto sobre las econom\u00edas regionales es alto en nuestro caso\u00bb.<\/div>\n<div>Lifschitz tambi\u00e9n revel\u00f3 que Naci\u00f3n tiene entre sus proyectos repartir una ayuda extraordinaria a las provincias damnificadas. \u00abHay un fondo de emergencia que, en principio, se va a distribuir. No sabemos de qu\u00e9 manera o en que proporci\u00f3n. Pero obviamente que la convocatoria manifiesta el compromiso y la voluntad del gobierno de colaborar con las provincias afectadas\u00bb.<\/div>\n<div>Por \u00faltimo, asegur\u00f3 que reparar la perdida econ\u00f3mica con ese fondo \u00abes imposible, porque son miles de millones los pesos que se pierden. Pero se puede procurar dar el envi\u00f3n, el financiamiento y la asistencia para que el productor pueda recuperar el capital de trabajo y reiniciar el ciclo productivo\u00bb.<\/div>\n<\/div>\n<\/div>\n","protected":false},"excerpt":{"rendered":"<p>Tras reunirse con el presidente Macri y representantes de otras provincias, el gobernador revel\u00f3 cu\u00e1les son los proyectos de Naci\u00f3n para asistir a las regiones afectadas por las lluvias. El gobernador Miguel Lifschitz revel\u00f3 cu\u00e1les son las propuestas de Naci\u00f3n para asistir a los sectores del pa\u00eds que sufrieron inundaciones por las lluvias y manifest\u00f3 <a href=\"https:\/\/armstrongyregion.com.ar\/diario\/lifschitz-dijo-que-sera-dificil-recuperar-y-mantener-las-economias-regionales\/\" title=\"Read more\" >&#8230;<\/a><\/p>\n","protected":false},"author":1,"featured_media":20135,"comment_status":"open","ping_status":"open","sticky":false,"template":"","format":"standard","meta":{"_jetpack_memberships_contains_paid_content":false,"footnotes":"","jetpack_publicize_message":"","jetpack_publicize_feature_enabled":true,"jetpack_social_post_already_shared":false,"jetpack_social_options":{"image_generator_settings":{"template":"highway","default_image_id":0,"enabled":false},"version":2}},"categories":[8,1,2,7,3],"tags":[7495],"class_list":["post-20134","post","type-post","status-publish","format-standard","has-post-thumbnail","hentry","category-deliberando","category-diario-armstrong","category-locales","category-politica","category-region","tag-lifschitz-dijo-que-sera-dificil-recuperar-y-mantener-las-economias-regionales"],"jetpack_publicize_connections":[],"jetpack_featured_media_url":"https:\/\/armstrongyregion.com.ar\/diario\/wp-content\/uploads\/2019\/01\/Lifschitz.jpg","jetpack_shortlink":"https:\/\/wp.me\/p62QDO-5eK","jetpack_sharing_enabled":true,"amp_enabled":true,"_links":{"self":[{"href":"https:\/\/armstrongyregion.com.ar\/diario\/wp-json\/wp\/v2\/posts\/20134","targetHints":{"allow":["GET"]}}],"collection":[{"href":"https:\/\/armstrongyregion.com.ar\/diario\/wp-json\/wp\/v2\/posts"}],"about":[{"href":"https:\/\/armstrongyregion.com.ar\/diario\/wp-json\/wp\/v2\/types\/post"}],"author":[{"embeddable":true,"href":"https:\/\/armstrongyregion.com.ar\/diario\/wp-json\/wp\/v2\/users\/1"}],"replies":[{"embeddable":true,"href":"https:\/\/armstrongyregion.com.ar\/diario\/wp-json\/wp\/v2\/comments?post=20134"}],"version-history":[{"count":0,"href":"https:\/\/armstrongyregion.com.ar\/diario\/wp-json\/wp\/v2\/posts\/20134\/revisions"}],"wp:featuredmedia":[{"embeddable":true,"href":"https:\/\/armstrongyregion.com.ar\/diario\/wp-json\/wp\/v2\/media\/20135"}],"wp:attachment":[{"href":"https:\/\/armstrongyregion.com.ar\/diario\/wp-json\/wp\/v2\/media?parent=20134"}],"wp:term":[{"taxonomy":"category","embeddable":true,"href":"https:\/\/armstrongyregion.com.ar\/diario\/wp-json\/wp\/v2\/categories?post=20134"},{"taxonomy":"post_tag","embeddable":true,"href":"https:\/\/armstrongyregion.com.ar\/diario\/wp-json\/wp\/v2\/tags?post=20134"}],"curies":[{"name":"wp","href":"https:\/\/api.w.org\/{rel}","templated":true}]}}