{"id":20124,"date":"2019-01-24T12:30:19","date_gmt":"2019-01-24T12:30:19","guid":{"rendered":"https:\/\/armstrongyregion.com.ar\/diario\/?p=20124"},"modified":"2019-01-24T12:42:14","modified_gmt":"2019-01-24T12:42:14","slug":"emotivo-homenaje-a-los-cinco-cooperativistas-armstronenses","status":"publish","type":"post","link":"https:\/\/armstrongyregion.com.ar\/diario\/emotivo-homenaje-a-los-cinco-cooperativistas-armstronenses\/","title":{"rendered":"Emotivo Homenaje a los cinco Cooperativistas armstronenses."},"content":{"rendered":"<p><a href=\"http:\/\/armstrongyregion.com.ar\/diario\/wp-content\/uploads\/2019\/01\/Cooperativistas-2019-completa.jpg\"><img loading=\"lazy\" decoding=\"async\" class=\"alignnone size-full wp-image-20127\" src=\"http:\/\/armstrongyregion.com.ar\/diario\/wp-content\/uploads\/2019\/01\/Cooperativistas-2019-completa.jpg\" alt=\"Cooperativistas-2019-completa\" width=\"960\" height=\"960\" srcset=\"https:\/\/armstrongyregion.com.ar\/diario\/wp-content\/uploads\/2019\/01\/Cooperativistas-2019-completa.jpg 960w, https:\/\/armstrongyregion.com.ar\/diario\/wp-content\/uploads\/2019\/01\/Cooperativistas-2019-completa-150x150.jpg 150w, https:\/\/armstrongyregion.com.ar\/diario\/wp-content\/uploads\/2019\/01\/Cooperativistas-2019-completa-300x300.jpg 300w, https:\/\/armstrongyregion.com.ar\/diario\/wp-content\/uploads\/2019\/01\/Cooperativistas-2019-completa-144x144.jpg 144w\" sizes=\"auto, (max-width: 960px) 100vw, 960px\" \/><\/a>El pasado jueves 23 de enero en el Museo Hist\u00f3rico Municipal se realiz\u00f3 un emotivo acto en homenaje a los cinco cooperativistas de la ciudad que fueron injustamente asesinados en el a\u00f1o 1974 en la ruta 9, a la altura de R\u00edo Segundo.<\/p>\n<p><a href=\"http:\/\/armstrongyregion.com.ar\/diario\/wp-content\/uploads\/2019\/01\/Cooperativista2019.jpg\"><img loading=\"lazy\" decoding=\"async\" class=\"alignnone size-full wp-image-20129\" src=\"http:\/\/armstrongyregion.com.ar\/diario\/wp-content\/uploads\/2019\/01\/Cooperativista2019.jpg\" alt=\"Cooperativista2019\" width=\"746\" height=\"600\" srcset=\"https:\/\/armstrongyregion.com.ar\/diario\/wp-content\/uploads\/2019\/01\/Cooperativista2019.jpg 746w, https:\/\/armstrongyregion.com.ar\/diario\/wp-content\/uploads\/2019\/01\/Cooperativista2019-300x241.jpg 300w\" sizes=\"auto, (max-width: 746px) 100vw, 746px\" \/><\/a>Estuvieron presentes el Intendente Municipal Dr. Pablo Verdecchia acompa\u00f1ado de autoridades municipales, los concejales Alejandro Pertusati y Carlos Cuffia, familiares de los homenajeados, ex compa\u00f1eros cooperativistas y p\u00fablico en general.<\/p>\n<p><a href=\"http:\/\/armstrongyregion.com.ar\/diario\/wp-content\/uploads\/2019\/01\/Cooperativistas-a-2019.jpg\"><img loading=\"lazy\" decoding=\"async\" class=\"alignnone size-full wp-image-20125\" src=\"http:\/\/armstrongyregion.com.ar\/diario\/wp-content\/uploads\/2019\/01\/Cooperativistas-a-2019.jpg\" alt=\"Cooperativistas-a-2019\" width=\"768\" height=\"561\" srcset=\"https:\/\/armstrongyregion.com.ar\/diario\/wp-content\/uploads\/2019\/01\/Cooperativistas-a-2019.jpg 768w, https:\/\/armstrongyregion.com.ar\/diario\/wp-content\/uploads\/2019\/01\/Cooperativistas-a-2019-300x219.jpg 300w\" sizes=\"auto, (max-width: 768px) 100vw, 768px\" \/><\/a>Todos recordaron a V\u00edctor Cantoia, Aldo Viotto, Ernesto Pascucci, Roberto Blanch y Odorico Montorfano quien era directivo de la Federaci\u00f3n Argentina de Cooperativas Agrarias (F.A.C.A.), de Rosario.<\/p>\n<p>Hicieron uso de la palabra el Presidente de la Cooperativa Agr\u00edcola Sr. Carlos Citeroni, Eduardo Cantoia hijo de un cooperativista \u00a0y el Sr. Intendente Dr. Pablo Verdecchia.<\/p>\n<p>Marco hist\u00f3rico.<\/p>\n<p>Cerca de R\u00edo Segundo, por la vieja ruta 9 y hacia la ciudad de C\u00f3rdoba, el 23 de enero de 1974 a las 14.45, integrantes del Comando Radioel\u00e9ctrico de la capital mediterr\u00e1nea asesinaron a V\u00edctor Cantoia, gerente de la Cooperativa Agr\u00edcola Ganadera de Armstrong Limitada, Aldo Viotto, Ernesto Pascucci y Roberto Blanch, funcionarios de la misma entidad, y a Odorico Montorfano, directivo de la Federaci\u00f3n Argentina de Cooperativas Agrarias (Faca), de Rosario, respondiendo a unos criterios y a una metodolog\u00eda que en poco tiempo m\u00e1s se convertir\u00eda en moneda corriente, ensangrentando al pa\u00eds.<\/p>\n<p>Los mutualistas viajaban en un Ford Falcon color borravino, hacia Colonia Caroya para interiorizarse del funcionamiento de un supermercado, para instalar uno similar en Armstrong.<\/p>\n<p>Horas antes, cinco agentes de la polic\u00eda federal conformado por Juan Carlos Naranjo, N\u00e9stor Vel\u00e1zquez, Eduardo Domingo Moreno, R\u00f3mulo Cirilo Cabral y Ram\u00f3n Salguero, hab\u00eda partido desde C\u00f3rdoba en un autom\u00f3vil id\u00e9ntico al de los cooperativistas para realizar una serie de allanamientos ordenados por un juez federal.<\/p>\n<p>Despu\u00e9s del mediod\u00eda, el grupo de federales se detuvo en una parrilla para almorzar y por recomendaci\u00f3n del chofer, guardaron las armas en el ba\u00fal para no asustar a las personas del lugar. Esa maniobra fue advertida por un vecino que pasaba por all\u00ed y dio aviso a la polic\u00eda de Laguna Larga. Luego una comisi\u00f3n de la polic\u00eda de C\u00f3rdoba los intercept\u00f3 y verific\u00f3 su documentaci\u00f3n, pero desaparecieron sin creer que eran federales. Este episodio desemboc\u00f3 en un operativo de la polic\u00eda cordobesa a trav\u00e9s de un bloqueo en la ruta nacional 9, donde poco despu\u00e9s ocurri\u00f3 la tragedia.<\/p>\n<p>Versi\u00f3n policial. Un curioso parte policial sobre los hechos indicaba entonces: \u201cSiendo las 14.45. se conoci\u00f3 que por la ruta 9, a la altura de Laguna Larga, pas\u00f3 un autom\u00f3vil rojo con cinco personas a bordo. Inmediatamente y por resultar los ocupantes del mismo sumamente sospechosos y al parecer armados, el Comando Radioel\u00e9ctrico destac\u00f3 a lo largo de la ruta referida cuatro m\u00f3viles\u201d.<\/p>\n<p>&nbsp;<\/p>\n<p>El informe tambi\u00e9n indicaba que el auto no ten\u00eda patente, que viajaba a 150 kil\u00f3metros por hora, que desobedecieron la orden de detenci\u00f3n y que sus ocupantes abrieron fuego contra el ret\u00e9n policial, entre otras falacias.<\/p>\n<p>Tambi\u00e9n indicaba que le secuestraron dos pistolas calibre 11.25, tres rev\u00f3lveres calibre 38, proyectiles y vainas servidas, as\u00ed como una carabina calibre 22, y tres detonadores de explosivos.<\/p>\n<p>Hechos reales. En su viaje los cooperativistas hab\u00edan pasado Laguna Larga cuando se cruzaron con un m\u00f3vil policial que, al advertir su presencia gir\u00f3 y comenz\u00f3 a perseguirlos. Despu\u00e9s que el Falcon sobrepas\u00f3 a un cami\u00f3n, \u2013cuyo conductor desdijo luego a los polic\u00edas\u2013, fue alcanzado por el m\u00f3vil policial 334 del Comando Radioel\u00e9ctrico. El chofer del m\u00f3vil cerr\u00f3 el camino al auto rojo y \u00e9ste gir\u00f3 a la izquierda para no embestirlo. All\u00ed sonaron los primeros disparos provenientes de la banquina norte donde hab\u00eda efectivos en posici\u00f3n de cuerpo a tierra. Luego sucedi\u00f3 una balacera efectuada por los ocupantes del m\u00f3vil 334.<\/p>\n<p>Tras la r\u00e1faga se oy\u00f3 que desde el auto gritaban \u201cno tiren, no tiren\u201d y los nombres y ocupaciones de los pasajeros. Esto no import\u00f3 a los polic\u00edas, que avanzaron hacia el auto disparando y llegaron a introducir las armas dentro del mismo para asegurar los disparos.<\/p>\n<p>Detr\u00e1s del cami\u00f3n estaba detenido un auto Fiat, a cuyo conductor los polic\u00edas le pidieron un destornillador con el que disimuladamente sacaron las patentes al Falcon. La orden original de los polic\u00edas era impedir el desplazamiento \u201cde un Torino, Chevrolet o similar, chapa B-459328 rojo\u201d, sin que trascendieran los motivos.<\/p>\n<p>Los documentos de identidad y la ropa de las v\u00edctimas, las chapas patentes y otros elementos como portafolios y documentos de trabajo fueron escondidos y enterrados cerca del lugar de los hechos. Adem\u00e1s les \u201cplantaron\u201d armas para simular un enfrentamiento.<\/p>\n<p>A los pocos minutos, lleg\u00f3 al lugar otro Falcon, tambi\u00e9n rojo, con cinco personas armadas pertenecientes a la polic\u00eda federal, provenientes de Laguna Larga.<\/p>\n<p>Conclusiones. El operativo fue montado contra los polic\u00edas federales. Descubierto el error, hab\u00eda que borrar las huellas del crimen y comprometer a los cooperativistas asesinados. Al llegar minutos m\u00e1s tarde, los federales comprendieron que la tr\u00e1gica emboscada estaba dirigida a ellos.<\/p>\n<p>Todo fue corroborado por el periodista, Miguel Dur\u00e1n, al entrevistar a uno de los federales. La emboscada formaba parte de una embestida para derrocar al gobernador Obreg\u00f3n Cano, lo que sucedi\u00f3 un mes despu\u00e9s con el recordado golpe policial encabezado por el comisario Antonio Navarro y conocido como \u201cnavarrazo\u201d.<\/p>\n<p>&nbsp;<\/p>\n<p>&nbsp;<\/p>\n<p>&nbsp;<\/p>\n","protected":false},"excerpt":{"rendered":"<p>El pasado jueves 23 de enero en el Museo Hist\u00f3rico Municipal se realiz\u00f3 un emotivo acto en homenaje a los cinco cooperativistas de la ciudad que fueron injustamente asesinados en el a\u00f1o 1974 en la ruta 9, a la altura de R\u00edo Segundo. Estuvieron presentes el Intendente Municipal Dr. Pablo Verdecchia acompa\u00f1ado de autoridades municipales, <a href=\"https:\/\/armstrongyregion.com.ar\/diario\/emotivo-homenaje-a-los-cinco-cooperativistas-armstronenses\/\" title=\"Read more\" >&#8230;<\/a><\/p>\n","protected":false},"author":1,"featured_media":20127,"comment_status":"open","ping_status":"open","sticky":false,"template":"","format":"standard","meta":{"_jetpack_memberships_contains_paid_content":false,"footnotes":"","jetpack_publicize_message":"","jetpack_publicize_feature_enabled":true,"jetpack_social_post_already_shared":false,"jetpack_social_options":{"image_generator_settings":{"template":"highway","default_image_id":0,"enabled":false},"version":2}},"categories":[6,8,1,2,7,3],"tags":[497,1212,20,547,2072,388,13],"class_list":["post-20124","post","type-post","status-publish","format-standard","has-post-thumbnail","hentry","category-cultura-entretenimiento","category-deliberando","category-diario-armstrong","category-locales","category-politica","category-region","tag-497","tag-acto","tag-armstrong","tag-cooperativistas","tag-homenaje","tag-region-2","tag-y"],"jetpack_publicize_connections":[],"jetpack_featured_media_url":"https:\/\/armstrongyregion.com.ar\/diario\/wp-content\/uploads\/2019\/01\/Cooperativistas-2019-completa.jpg","jetpack_shortlink":"https:\/\/wp.me\/p62QDO-5eA","jetpack_sharing_enabled":true,"amp_enabled":true,"_links":{"self":[{"href":"https:\/\/armstrongyregion.com.ar\/diario\/wp-json\/wp\/v2\/posts\/20124","targetHints":{"allow":["GET"]}}],"collection":[{"href":"https:\/\/armstrongyregion.com.ar\/diario\/wp-json\/wp\/v2\/posts"}],"about":[{"href":"https:\/\/armstrongyregion.com.ar\/diario\/wp-json\/wp\/v2\/types\/post"}],"author":[{"embeddable":true,"href":"https:\/\/armstrongyregion.com.ar\/diario\/wp-json\/wp\/v2\/users\/1"}],"replies":[{"embeddable":true,"href":"https:\/\/armstrongyregion.com.ar\/diario\/wp-json\/wp\/v2\/comments?post=20124"}],"version-history":[{"count":0,"href":"https:\/\/armstrongyregion.com.ar\/diario\/wp-json\/wp\/v2\/posts\/20124\/revisions"}],"wp:featuredmedia":[{"embeddable":true,"href":"https:\/\/armstrongyregion.com.ar\/diario\/wp-json\/wp\/v2\/media\/20127"}],"wp:attachment":[{"href":"https:\/\/armstrongyregion.com.ar\/diario\/wp-json\/wp\/v2\/media?parent=20124"}],"wp:term":[{"taxonomy":"category","embeddable":true,"href":"https:\/\/armstrongyregion.com.ar\/diario\/wp-json\/wp\/v2\/categories?post=20124"},{"taxonomy":"post_tag","embeddable":true,"href":"https:\/\/armstrongyregion.com.ar\/diario\/wp-json\/wp\/v2\/tags?post=20124"}],"curies":[{"name":"wp","href":"https:\/\/api.w.org\/{rel}","templated":true}]}}