{"id":20121,"date":"2019-01-23T21:24:51","date_gmt":"2019-01-23T21:24:51","guid":{"rendered":"https:\/\/armstrongyregion.com.ar\/diario\/?p=20121"},"modified":"2019-01-23T22:06:18","modified_gmt":"2019-01-23T22:06:18","slug":"casilda-se-moviliza-contra-el-ajuste","status":"publish","type":"post","link":"https:\/\/armstrongyregion.com.ar\/diario\/casilda-se-moviliza-contra-el-ajuste\/","title":{"rendered":"Casilda se moviliza contra el ajuste."},"content":{"rendered":"<p><a href=\"http:\/\/armstrongyregion.com.ar\/diario\/wp-content\/uploads\/2019\/01\/Gaccone-uom-.jpg\"><img loading=\"lazy\" decoding=\"async\" class=\"alignnone size-full wp-image-20122\" src=\"http:\/\/armstrongyregion.com.ar\/diario\/wp-content\/uploads\/2019\/01\/Gaccone-uom-.jpg\" alt=\"Gaccone-uom-\" width=\"768\" height=\"465\" srcset=\"https:\/\/armstrongyregion.com.ar\/diario\/wp-content\/uploads\/2019\/01\/Gaccone-uom-.jpg 768w, https:\/\/armstrongyregion.com.ar\/diario\/wp-content\/uploads\/2019\/01\/Gaccone-uom--300x182.jpg 300w\" sizes=\"auto, (max-width: 768px) 100vw, 768px\" \/><\/a>La Multisectorial Casilda se movilizar\u00e1 este jueves 24 de enero.<\/p>\n<p>La Multisectorial Casilda donde congregan organizaciones pol\u00edticas, sociales, estudiantiles, movimiento de Mujeres de la ciudad santafesina junto a la participaci\u00f3n de la diputada provincial Claudia Giaccone (nacida en Casilda), movilizaran este pr\u00f3ximo 24 de enero a las 10 horas bajo la consigna\u00a0<em><strong>\u00ab<\/strong><strong>Basta Macri, Casilda se moviliza contra el ajuste\u00bb.\u00a0<\/strong><\/em><\/p>\n<p>Las banderas que se levantaran en la movilizaci\u00f3n son terminar con el ajuste a los asalariados, los jubilados y dem\u00e1s sectores populares, basta con el cierre de f\u00e1bricas, y no permitir el avance de una Reforma laboral.<\/p>\n<p>Recordemos que el departamento Caseros (al cual pertenece Casilda) viene arrastrando una grave crisis en el sector industrial, agroindustrial, situaci\u00f3n que repercute en el sector comercial: De hecho,\u00a0la Uni\u00f3n Obrera Metal\u00fargica junto a Giaccone vienen solicitando se declare la emergencia metal\u00fargica en Santa Fe y en ese sentido insisten para que el Gobernador Lifschitz envie la iniciativa para ser tratadas en las sesiones extraordinarias que se convoquen en mes de febrero.<\/p>\n<p><em>\u201cLa situaci\u00f3n empeora a\u00f1o tras a\u00f1o, con menos producci\u00f3n y la consecuente p\u00e9rdida de puestos de trabajo\u201d,<\/em>\u00a0se\u00f1al\u00f3 Giaccone.<\/p>\n<p>De hecho la misma UOM ya inform\u00f3 que en toda la provincia \u201c<em>se perdieron tres mil puestos laborales en los \u00faltimos tres a\u00f1os\u201d.<\/em><\/p>\n<p>Particularmente en Casilda\u00a0la crisis industrial \u201ces grave\u201d. La firma Gherardi, de Casilda \u2013que se dedica a la producci\u00f3n de sembradores y herramientas manuales de ferreter\u00eda\u2013 viene arrastrando una dif\u00edcil situaci\u00f3n y adelant\u00f3 vacaciones a su personal con reducci\u00f3n salarial.<\/p>\n<p>Seg\u00fan advirtieron desde la UOM Casilda, en conjunto con el resto de las localidades del departamento, el n\u00famero de trabajadores en riesgo de perder su empleo se ubica por encima de los 500. En Firmat, San Jos\u00e9 de la Esquina, Arequito, Los Molinos, son algunas de las comunidades donde empresas locales denuncian ca\u00edda de la producci\u00f3n.<\/p>\n<p>Para Giaccone, el principio de 2019 \u201c<em>demostrara una vez m\u00e1s que estamos en una emergencia muy profunda, y m\u00e1s all\u00e1 de todo el esfuerzo que hagamos hay que exigir un cambio de modelo porque si no vamos al abismo\u201d.<\/em><\/p>\n","protected":false},"excerpt":{"rendered":"<p>La Multisectorial Casilda se movilizar\u00e1 este jueves 24 de enero. La Multisectorial Casilda donde congregan organizaciones pol\u00edticas, sociales, estudiantiles, movimiento de Mujeres de la ciudad santafesina junto a la participaci\u00f3n de la diputada provincial Claudia Giaccone (nacida en Casilda), movilizaran este pr\u00f3ximo 24 de enero a las 10 horas bajo la consigna\u00a0\u00abBasta Macri, Casilda se <a href=\"https:\/\/armstrongyregion.com.ar\/diario\/casilda-se-moviliza-contra-el-ajuste\/\" title=\"Read more\" >&#8230;<\/a><\/p>\n","protected":false},"author":1,"featured_media":20122,"comment_status":"open","ping_status":"open","sticky":false,"template":"","format":"standard","meta":{"_jetpack_memberships_contains_paid_content":false,"footnotes":"","jetpack_publicize_message":"","jetpack_publicize_feature_enabled":true,"jetpack_social_post_already_shared":false,"jetpack_social_options":{"image_generator_settings":{"template":"highway","default_image_id":0,"enabled":false},"version":2}},"categories":[8,1,7,3],"tags":[],"class_list":["post-20121","post","type-post","status-publish","format-standard","has-post-thumbnail","hentry","category-deliberando","category-diario-armstrong","category-politica","category-region"],"jetpack_publicize_connections":[],"jetpack_featured_media_url":"https:\/\/armstrongyregion.com.ar\/diario\/wp-content\/uploads\/2019\/01\/Gaccone-uom-.jpg","jetpack_shortlink":"https:\/\/wp.me\/p62QDO-5ex","jetpack_sharing_enabled":true,"amp_enabled":true,"_links":{"self":[{"href":"https:\/\/armstrongyregion.com.ar\/diario\/wp-json\/wp\/v2\/posts\/20121","targetHints":{"allow":["GET"]}}],"collection":[{"href":"https:\/\/armstrongyregion.com.ar\/diario\/wp-json\/wp\/v2\/posts"}],"about":[{"href":"https:\/\/armstrongyregion.com.ar\/diario\/wp-json\/wp\/v2\/types\/post"}],"author":[{"embeddable":true,"href":"https:\/\/armstrongyregion.com.ar\/diario\/wp-json\/wp\/v2\/users\/1"}],"replies":[{"embeddable":true,"href":"https:\/\/armstrongyregion.com.ar\/diario\/wp-json\/wp\/v2\/comments?post=20121"}],"version-history":[{"count":0,"href":"https:\/\/armstrongyregion.com.ar\/diario\/wp-json\/wp\/v2\/posts\/20121\/revisions"}],"wp:featuredmedia":[{"embeddable":true,"href":"https:\/\/armstrongyregion.com.ar\/diario\/wp-json\/wp\/v2\/media\/20122"}],"wp:attachment":[{"href":"https:\/\/armstrongyregion.com.ar\/diario\/wp-json\/wp\/v2\/media?parent=20121"}],"wp:term":[{"taxonomy":"category","embeddable":true,"href":"https:\/\/armstrongyregion.com.ar\/diario\/wp-json\/wp\/v2\/categories?post=20121"},{"taxonomy":"post_tag","embeddable":true,"href":"https:\/\/armstrongyregion.com.ar\/diario\/wp-json\/wp\/v2\/tags?post=20121"}],"curies":[{"name":"wp","href":"https:\/\/api.w.org\/{rel}","templated":true}]}}