{"id":20118,"date":"2019-01-23T21:01:33","date_gmt":"2019-01-23T21:01:33","guid":{"rendered":"https:\/\/armstrongyregion.com.ar\/diario\/?p=20118"},"modified":"2019-01-23T21:01:33","modified_gmt":"2019-01-23T21:01:33","slug":"diputados-socialistas-exigen-aportes-a-la-nacion-para-paliar-la-emergencia-hidrica","status":"publish","type":"post","link":"https:\/\/armstrongyregion.com.ar\/diario\/diputados-socialistas-exigen-aportes-a-la-nacion-para-paliar-la-emergencia-hidrica\/","title":{"rendered":"Diputados socialistas exigen aportes a la Naci\u00f3n para paliar la emergencia h\u00eddrica."},"content":{"rendered":"<p class=\"m_1272381014149374322gmail-western\" align=\"justify\"><span style=\"color: #000000;\"><span style=\"font-family: Arial, serif;\"><a href=\"http:\/\/armstrongyregion.com.ar\/diario\/wp-content\/uploads\/2019\/01\/INUNDACIONES-STA-FE-ENERO-19.jpg\"><img loading=\"lazy\" decoding=\"async\" class=\"alignnone size-full wp-image-20119\" src=\"http:\/\/armstrongyregion.com.ar\/diario\/wp-content\/uploads\/2019\/01\/INUNDACIONES-STA-FE-ENERO-19.jpg\" alt=\"INUNDACIONES-STA-FE-ENERO-19\" width=\"768\" height=\"477\" srcset=\"https:\/\/armstrongyregion.com.ar\/diario\/wp-content\/uploads\/2019\/01\/INUNDACIONES-STA-FE-ENERO-19.jpg 768w, https:\/\/armstrongyregion.com.ar\/diario\/wp-content\/uploads\/2019\/01\/INUNDACIONES-STA-FE-ENERO-19-300x186.jpg 300w\" sizes=\"auto, (max-width: 768px) 100vw, 768px\" \/><\/a>Santa Fe aport\u00f3 al Fondo de ATN 834 millones durante el 2018.\u00a0<\/span><\/span><span style=\"color: #000000;\"><span style=\"font-family: Arial, serif;\"><i>\u201cExigimos de manera urgente que vuelvan al menos el 50 % de esos aportes es decir, unos 400 millones de pesos\u201d,\u00a0<\/i><\/span><\/span><span style=\"color: #000000;\"><span style=\"font-family: Arial, serif;\">advirti\u00f3 el diputado Galassi.<\/span><\/span><a name=\"m_1272381014149374322___DdeLink__9_349496904\"><\/a><\/p>\n<p class=\"m_1272381014149374322gmail-western\" align=\"justify\"><span style=\"color: #000000;\"><span style=\"font-family: Arial, serif;\">\u00a0 \u00a0 \u00a0El bloque de diputados socialistas de Santa Fe, al cual pertenece el legislador parejense Miguel Solis, solicit\u00f3 \u201cde manera urgente\u201d al gobierno nacional que Santa Fe reciba Aportes del Tesoro Nacional (ATN) para paliar la emergencia h\u00eddrica que afecta especialmente a la regi\u00f3n norte de la provincia.<\/span><\/span><\/p>\n<p class=\"m_1272381014149374322gmail-western\" align=\"justify\"><span style=\"color: #000000;\">\u00a0 \u00a0 \u201c<span style=\"font-family: Arial, serif;\"><i>Uno de los destinos del Fondo de ATN es justamente para atender emergencias como la que estamos atravesando en Santa Fe\u201d,\u00a0<\/i><\/span><\/span><span style=\"color: #000000;\"><span style=\"font-family: Arial, serif;\">advirti\u00f3 el presidente del bloque de diputados socialistas, Rub\u00e9n Galassi quien agreg\u00f3 que\u00a0<\/span><\/span><span style=\"color: #000000;\"><span style=\"font-family: Arial, serif;\"><i>\u201cSanta Fe aport\u00f3 834 millones durante el 2018. Por lo tanto y atendiendo a la situaci\u00f3n que estamos atravesando en el norte provincial con la emergencia h\u00eddrica, exigimos de manera urgente que al menos vuelva el 50 % de esos aportes, es decir, unos 400 millones de pesos\u201d.<\/i><\/span><\/span><\/p>\n<p class=\"m_1272381014149374322gmail-western\" align=\"justify\"><span style=\"color: #000000;\"><span style=\"font-family: Arial, serif;\">\u00a0 \u00a0 \u00a0 \u00a0El planteo frente a la administraci\u00f3n federal responde a la necesidad de utilizar esos fondos tanto para asistir directamente a los productores y vecinos damnificados, como a los municipios y comunas que est\u00e1n realizando los trabajos de asistencia m\u00e1s cercanos e inmediatos frente a las inundaciones que se han registrado en las \u00faltimas semanas en los departamentos del norte.<\/span><\/span><\/p>\n<p class=\"m_1272381014149374322gmail-western\" align=\"justify\"><span style=\"color: #000000;\"><span style=\"font-family: Arial, serif;\">\u00a0 \u00a0 \u00a0 \u00a0En concreto, el pedido fue formulado por los once diputados y diputadas que integran el espacio, dentro del Frente Progresista C\u00edvico y Social. Galassi plante\u00f3 que\u00a0<\/span><\/span><span style=\"color: #000000;\"><span style=\"font-family: Arial, serif;\"><i>\u201ca trav\u00e9s de los impuestos y retenciones los santafesinos contribuimos todos los d\u00edas a las arcas de la Naci\u00f3n y no recibimos en la misma proporci\u00f3n. Este es un tema hist\u00f3rico de federalismo que exponemos y criticamos permanentemente por la falta de inversiones y la discriminaci\u00f3n que sufre nuestro territorio en t\u00e9rminos de distribuci\u00f3n del presupuesto\u201d.<\/i><\/span><\/span><\/p>\n<p class=\"m_1272381014149374322gmail-western\" align=\"justify\"><span style=\"color: #000000;\"><span style=\"font-family: Arial, serif;\">\u00a0 \u00a0 \u00a0 \u00a0El diputado y exministro de Gobierno fue contundente al afirmar que\u00a0<\/span><\/span><span style=\"color: #000000;\"><span style=\"font-family: Arial, serif;\"><i>\u201cahora necesitamos esos fondos que son especiales para una situaci\u00f3n especial y urgente, como lo es esta emergencia h\u00eddrica, tanto para asistir a las personas perjudicadas como para realizar las obras que se requieran en este escenario y poder as\u00ed recomponer el tejido social y productivo de la regi\u00f3n\u201d.<\/i><\/span><\/span><\/p>\n","protected":false},"excerpt":{"rendered":"<p>Santa Fe aport\u00f3 al Fondo de ATN 834 millones durante el 2018.\u00a0\u201cExigimos de manera urgente que vuelvan al menos el 50 % de esos aportes es decir, unos 400 millones de pesos\u201d,\u00a0advirti\u00f3 el diputado Galassi. \u00a0 \u00a0 \u00a0El bloque de diputados socialistas de Santa Fe, al cual pertenece el legislador parejense Miguel Solis, solicit\u00f3 \u201cde <a href=\"https:\/\/armstrongyregion.com.ar\/diario\/diputados-socialistas-exigen-aportes-a-la-nacion-para-paliar-la-emergencia-hidrica\/\" title=\"Read more\" >&#8230;<\/a><\/p>\n","protected":false},"author":1,"featured_media":20119,"comment_status":"open","ping_status":"open","sticky":false,"template":"","format":"standard","meta":{"_jetpack_memberships_contains_paid_content":false,"footnotes":"","jetpack_publicize_message":"","jetpack_publicize_feature_enabled":true,"jetpack_social_post_already_shared":false,"jetpack_social_options":{"image_generator_settings":{"template":"highway","default_image_id":0,"enabled":false},"version":2}},"categories":[8,1,7,3],"tags":[],"class_list":["post-20118","post","type-post","status-publish","format-standard","has-post-thumbnail","hentry","category-deliberando","category-diario-armstrong","category-politica","category-region"],"jetpack_publicize_connections":[],"jetpack_featured_media_url":"https:\/\/armstrongyregion.com.ar\/diario\/wp-content\/uploads\/2019\/01\/INUNDACIONES-STA-FE-ENERO-19.jpg","jetpack_shortlink":"https:\/\/wp.me\/p62QDO-5eu","jetpack_sharing_enabled":true,"amp_enabled":true,"_links":{"self":[{"href":"https:\/\/armstrongyregion.com.ar\/diario\/wp-json\/wp\/v2\/posts\/20118","targetHints":{"allow":["GET"]}}],"collection":[{"href":"https:\/\/armstrongyregion.com.ar\/diario\/wp-json\/wp\/v2\/posts"}],"about":[{"href":"https:\/\/armstrongyregion.com.ar\/diario\/wp-json\/wp\/v2\/types\/post"}],"author":[{"embeddable":true,"href":"https:\/\/armstrongyregion.com.ar\/diario\/wp-json\/wp\/v2\/users\/1"}],"replies":[{"embeddable":true,"href":"https:\/\/armstrongyregion.com.ar\/diario\/wp-json\/wp\/v2\/comments?post=20118"}],"version-history":[{"count":0,"href":"https:\/\/armstrongyregion.com.ar\/diario\/wp-json\/wp\/v2\/posts\/20118\/revisions"}],"wp:featuredmedia":[{"embeddable":true,"href":"https:\/\/armstrongyregion.com.ar\/diario\/wp-json\/wp\/v2\/media\/20119"}],"wp:attachment":[{"href":"https:\/\/armstrongyregion.com.ar\/diario\/wp-json\/wp\/v2\/media?parent=20118"}],"wp:term":[{"taxonomy":"category","embeddable":true,"href":"https:\/\/armstrongyregion.com.ar\/diario\/wp-json\/wp\/v2\/categories?post=20118"},{"taxonomy":"post_tag","embeddable":true,"href":"https:\/\/armstrongyregion.com.ar\/diario\/wp-json\/wp\/v2\/tags?post=20118"}],"curies":[{"name":"wp","href":"https:\/\/api.w.org\/{rel}","templated":true}]}}