{"id":20109,"date":"2019-01-22T21:20:00","date_gmt":"2019-01-22T21:20:00","guid":{"rendered":"https:\/\/armstrongyregion.com.ar\/diario\/?p=20109"},"modified":"2019-01-22T21:20:00","modified_gmt":"2019-01-22T21:20:00","slug":"confirmaron-el-primer-caso-de-hantavirus-en-santa-fe-de-2019","status":"publish","type":"post","link":"https:\/\/armstrongyregion.com.ar\/diario\/confirmaron-el-primer-caso-de-hantavirus-en-santa-fe-de-2019\/","title":{"rendered":"Confirmaron el primer caso de hantavirus en Santa Fe de 2019."},"content":{"rendered":"<p><a href=\"http:\/\/armstrongyregion.com.ar\/diario\/wp-content\/uploads\/2019\/01\/rata_hantavirus.jpg_1305449671.jpg\"><img loading=\"lazy\" decoding=\"async\" class=\"alignnone size-full wp-image-20110\" src=\"http:\/\/armstrongyregion.com.ar\/diario\/wp-content\/uploads\/2019\/01\/rata_hantavirus.jpg_1305449671.jpg\" alt=\"rata_hantavirus.jpg_1305449671\" width=\"847\" height=\"476\" srcset=\"https:\/\/armstrongyregion.com.ar\/diario\/wp-content\/uploads\/2019\/01\/rata_hantavirus.jpg_1305449671.jpg 847w, https:\/\/armstrongyregion.com.ar\/diario\/wp-content\/uploads\/2019\/01\/rata_hantavirus.jpg_1305449671-300x169.jpg 300w\" sizes=\"auto, (max-width: 847px) 100vw, 847px\" \/><\/a>Se detect\u00f3 en la ciudad de Esperanza. Advierten desde el Ministerio de Salud que no tiene relaci\u00f3n con los del sur del pa\u00eds.<\/p>\n<p><strong>Un caso de hantavirus fue detectado en la provincia de Santa Fe. Se trata del primero y no est\u00e1 vinculado a los que se registraron en el sur argentino.<\/strong><\/p>\n<p>El Ministerio de Salud confirm\u00f3 a Uno Santa Fe que se detect\u00f3 el primer caso de hantavirus del a\u00f1o en la provincia, en la ciudad de Esperanza.<strong>\u00a0Seg\u00fan la Direcci\u00f3n Provincial de Promoci\u00f3n y Prevenci\u00f3n de la Salud, el caso present\u00f3 buena evoluci\u00f3n cl\u00ednica, actualmente con remisi\u00f3n completa de los s\u00edntomas.<\/strong><\/p>\n<p><strong>De acuerdo a las fuentes oficiales, no tiene ninguna conexi\u00f3n con el brote actual de Epuy\u00e9n<\/strong>, debido a que el paciente no viaj\u00f3, as\u00ed como tampoco estuvo en contacto con personas que hayan viajado.<\/p>\n<div class=\" adm-master-placement\">\u00a0<strong><a href=\"https:\/\/www.rosario3.com\/noticias\/Por-que-en-Santa-Fe-no-se-teme-un-brote-de-hantavirus-como-el-del-sur-del-pais-20190115-0008.html\" target=\"_blank\">El 15 de enero pasado<\/a>, el director Provincial de Promoci\u00f3n y Prevenci\u00f3n de la Salud de Santa Fe, Julio Befani, dijo que no hay riesgo de que en la provincia se produzca un brote de hantavirus similar al que existe en\u00a0Epuy\u00e9n<\/strong>, en el sur del pa\u00eds, por m\u00e1s que la enfermedad ha estado presente. Es que los virus son diferentes.<\/div>\n<p>\u201cEl virus del sur tienen una caracter\u00edstica particular que es la transmisi\u00f3n interpersonal, cosa que no tienen los virus en el norte y el centro del pa\u00eds\u201d, explic\u00f3 el funcionario.<\/p>\n<p><strong>En la provincia ha habido \u201ccasos aislados\u201d, dijo Befani. El a\u00f1o pasado fueron 15, cuatro de ellos fatales, agreg\u00f3.<\/strong><\/p>\n<p>Pero la diferencia fundamental es que\u00a0<strong>en los casos de Santa Fe no se ha producido contagio entre los contactos de las personas afectadas<\/strong>.<\/p>\n<p>Fuente: Rosario3.com<\/p>\n","protected":false},"excerpt":{"rendered":"<p>Se detect\u00f3 en la ciudad de Esperanza. Advierten desde el Ministerio de Salud que no tiene relaci\u00f3n con los del sur del pa\u00eds. Un caso de hantavirus fue detectado en la provincia de Santa Fe. Se trata del primero y no est\u00e1 vinculado a los que se registraron en el sur argentino. El Ministerio de <a href=\"https:\/\/armstrongyregion.com.ar\/diario\/confirmaron-el-primer-caso-de-hantavirus-en-santa-fe-de-2019\/\" title=\"Read more\" >&#8230;<\/a><\/p>\n","protected":false},"author":1,"featured_media":20110,"comment_status":"open","ping_status":"open","sticky":false,"template":"","format":"standard","meta":{"_jetpack_memberships_contains_paid_content":false,"footnotes":"","jetpack_publicize_message":"","jetpack_publicize_feature_enabled":true,"jetpack_social_post_already_shared":false,"jetpack_social_options":{"image_generator_settings":{"template":"highway","default_image_id":0,"enabled":false},"version":2}},"categories":[8,1,2,4,3],"tags":[20,297,19,7483,388,3381,13],"class_list":["post-20109","post","type-post","status-publish","format-standard","has-post-thumbnail","hentry","category-deliberando","category-diario-armstrong","category-locales","category-prevencion-salud","category-region","tag-armstrong","tag-caso","tag-de","tag-hantavirus","tag-region-2","tag-santa-fe","tag-y"],"jetpack_publicize_connections":[],"jetpack_featured_media_url":"https:\/\/armstrongyregion.com.ar\/diario\/wp-content\/uploads\/2019\/01\/rata_hantavirus.jpg_1305449671.jpg","jetpack_shortlink":"https:\/\/wp.me\/p62QDO-5el","jetpack_sharing_enabled":true,"amp_enabled":true,"_links":{"self":[{"href":"https:\/\/armstrongyregion.com.ar\/diario\/wp-json\/wp\/v2\/posts\/20109","targetHints":{"allow":["GET"]}}],"collection":[{"href":"https:\/\/armstrongyregion.com.ar\/diario\/wp-json\/wp\/v2\/posts"}],"about":[{"href":"https:\/\/armstrongyregion.com.ar\/diario\/wp-json\/wp\/v2\/types\/post"}],"author":[{"embeddable":true,"href":"https:\/\/armstrongyregion.com.ar\/diario\/wp-json\/wp\/v2\/users\/1"}],"replies":[{"embeddable":true,"href":"https:\/\/armstrongyregion.com.ar\/diario\/wp-json\/wp\/v2\/comments?post=20109"}],"version-history":[{"count":0,"href":"https:\/\/armstrongyregion.com.ar\/diario\/wp-json\/wp\/v2\/posts\/20109\/revisions"}],"wp:featuredmedia":[{"embeddable":true,"href":"https:\/\/armstrongyregion.com.ar\/diario\/wp-json\/wp\/v2\/media\/20110"}],"wp:attachment":[{"href":"https:\/\/armstrongyregion.com.ar\/diario\/wp-json\/wp\/v2\/media?parent=20109"}],"wp:term":[{"taxonomy":"category","embeddable":true,"href":"https:\/\/armstrongyregion.com.ar\/diario\/wp-json\/wp\/v2\/categories?post=20109"},{"taxonomy":"post_tag","embeddable":true,"href":"https:\/\/armstrongyregion.com.ar\/diario\/wp-json\/wp\/v2\/tags?post=20109"}],"curies":[{"name":"wp","href":"https:\/\/api.w.org\/{rel}","templated":true}]}}