{"id":20105,"date":"2019-01-21T20:55:04","date_gmt":"2019-01-21T20:55:04","guid":{"rendered":"https:\/\/armstrongyregion.com.ar\/diario\/?p=20105"},"modified":"2019-01-21T20:55:04","modified_gmt":"2019-01-21T20:55:04","slug":"el-senador-guillermo-cornaglia-participo-de-la-26a-fiesta-anual-de-la-cultura-en-bouquet","status":"publish","type":"post","link":"https:\/\/armstrongyregion.com.ar\/diario\/el-senador-guillermo-cornaglia-participo-de-la-26a-fiesta-anual-de-la-cultura-en-bouquet\/","title":{"rendered":"El Senador Guillermo Cornaglia particip\u00f3 de la 26\u00aa Fiesta Anual de la Cultura en Bouquet."},"content":{"rendered":"<p><a href=\"http:\/\/armstrongyregion.com.ar\/diario\/wp-content\/uploads\/2019\/01\/fiesta-cultura-2019-1.jpg\"><img loading=\"lazy\" decoding=\"async\" class=\"alignnone size-full wp-image-20106\" src=\"http:\/\/armstrongyregion.com.ar\/diario\/wp-content\/uploads\/2019\/01\/fiesta-cultura-2019-1.jpg\" alt=\"fiesta cultura 2019 (1)\" width=\"768\" height=\"589\" srcset=\"https:\/\/armstrongyregion.com.ar\/diario\/wp-content\/uploads\/2019\/01\/fiesta-cultura-2019-1.jpg 768w, https:\/\/armstrongyregion.com.ar\/diario\/wp-content\/uploads\/2019\/01\/fiesta-cultura-2019-1-300x230.jpg 300w\" sizes=\"auto, (max-width: 768px) 100vw, 768px\" \/><\/a>El pasado s\u00e1bado 19 de enero, se realiz\u00f3 la\u00a026\u00aa Fiesta Anual de la Cultura en Bouquet.<\/p>\n<p><a href=\"http:\/\/armstrongyregion.com.ar\/diario\/wp-content\/uploads\/2019\/01\/fiesta-cultura-2019-3-1.jpg\"><img loading=\"lazy\" decoding=\"async\" class=\"alignnone size-full wp-image-20107\" src=\"http:\/\/armstrongyregion.com.ar\/diario\/wp-content\/uploads\/2019\/01\/fiesta-cultura-2019-3-1.jpg\" alt=\"fiesta cultura 2019 3 (1)\" width=\"768\" height=\"590\" srcset=\"https:\/\/armstrongyregion.com.ar\/diario\/wp-content\/uploads\/2019\/01\/fiesta-cultura-2019-3-1.jpg 768w, https:\/\/armstrongyregion.com.ar\/diario\/wp-content\/uploads\/2019\/01\/fiesta-cultura-2019-3-1-300x230.jpg 300w\" sizes=\"auto, (max-width: 768px) 100vw, 768px\" \/><\/a>Una nueva edici\u00f3n de este tradicional encuentro que reuni\u00f3 las mejores expresiones art\u00edsticas y culturales de la regi\u00f3n.<\/p>\n<p>El Senador Guillermo Cornaglia expres\u00f3:\u00a0<b>\u00abHermosa noche compart\u00ed el s\u00e1bado en\u00a0<\/b><b><a class=\"m_-992020836942261988gmail-_58cn\" href=\"https:\/\/www.facebook.com\/hashtag\/bouquet?source=feed_text&amp;epa=HASHTAG&amp;__xts__%5B0%5D=68.ARAEvqzKLHDWWVePFk3V-PbxxL1Rts2kCIGrUPQXE6xx1D9Q5cOow6CJ0r4sNs89F5vy8kvwDMhAZbrjAsM3Bb-5dIKiGpctuI6DC_6PL8ODKfLlIilvlnwRRv6_g8ACe9g1QcRzKKGr6t_WtQEn5odZ3qwiOOu2cz5NpwQVR2iEdGUka0hna9hPZspBxzjou6rVe7Z1RlDND1lP5YXSNrOu2xvAQgiE2qIOhtxf8FZl7-LBK3z0BdAoGRJ7T23QUCMopkjR7IPOaviD6HUaY9tUQ2KWCOqU6QahnGlwQ27KiehsnTjV2h4m1MU3Ni8cscDYpERjiyuw3R4kbiWBUKQnp9yqTfLAANi5dOwrVg28G_mZgLBGiw&amp;__tn__=%2ANKH-R\" target=\"_blank\" data-saferedirecturl=\"https:\/\/www.google.com\/url?q=https:\/\/www.facebook.com\/hashtag\/bouquet?source%3Dfeed_text%26epa%3DHASHTAG%26__xts__%255B0%255D%3D68.ARAEvqzKLHDWWVePFk3V-PbxxL1Rts2kCIGrUPQXE6xx1D9Q5cOow6CJ0r4sNs89F5vy8kvwDMhAZbrjAsM3Bb-5dIKiGpctuI6DC_6PL8ODKfLlIilvlnwRRv6_g8ACe9g1QcRzKKGr6t_WtQEn5odZ3qwiOOu2cz5NpwQVR2iEdGUka0hna9hPZspBxzjou6rVe7Z1RlDND1lP5YXSNrOu2xvAQgiE2qIOhtxf8FZl7-LBK3z0BdAoGRJ7T23QUCMopkjR7IPOaviD6HUaY9tUQ2KWCOqU6QahnGlwQ27KiehsnTjV2h4m1MU3Ni8cscDYpERjiyuw3R4kbiWBUKQnp9yqTfLAANi5dOwrVg28G_mZgLBGiw%26__tn__%3D%252ANKH-R&amp;source=gmail&amp;ust=1548189516294000&amp;usg=AFQjCNESKfN_cxYk5b4dvwwjwt1J3g3spw\"><span class=\"m_-992020836942261988gmail-_5afx\"><span class=\"m_-992020836942261988gmail-_58cm\">Bouquet<\/span><\/span><\/a>\u00a0con la familia, amigos, vecinos y artistas en la 26\u00aa edici\u00f3n de la Fiesta Anual de la Cultura. Felicitaciones a tod<span class=\"m_-992020836942261988gmail-text_exposed_show\">os los que fueron parte y asumimos el compromiso de seguir trabajando y acompa\u00f1ando este tipo de iniciativas tan importantes para nuestro departamento Belgrano.<\/span>\u00a0 \u00a0\u00ab<\/b><\/p>\n","protected":false},"excerpt":{"rendered":"<p>El pasado s\u00e1bado 19 de enero, se realiz\u00f3 la\u00a026\u00aa Fiesta Anual de la Cultura en Bouquet. Una nueva edici\u00f3n de este tradicional encuentro que reuni\u00f3 las mejores expresiones art\u00edsticas y culturales de la regi\u00f3n. El Senador Guillermo Cornaglia expres\u00f3:\u00a0\u00abHermosa noche compart\u00ed el s\u00e1bado en\u00a0Bouquet\u00a0con la familia, amigos, vecinos y artistas en la 26\u00aa edici\u00f3n de <a href=\"https:\/\/armstrongyregion.com.ar\/diario\/el-senador-guillermo-cornaglia-participo-de-la-26a-fiesta-anual-de-la-cultura-en-bouquet\/\" title=\"Read more\" >&#8230;<\/a><\/p>\n","protected":false},"author":1,"featured_media":20106,"comment_status":"open","ping_status":"open","sticky":false,"template":"","format":"standard","meta":{"_jetpack_memberships_contains_paid_content":false,"footnotes":"","jetpack_publicize_message":"","jetpack_publicize_feature_enabled":true,"jetpack_social_post_already_shared":false,"jetpack_social_options":{"image_generator_settings":{"template":"highway","default_image_id":0,"enabled":false},"version":2}},"categories":[6,1,7,3],"tags":[1812,20,229,47,19,15,620,31,388,13],"class_list":["post-20105","post","type-post","status-publish","format-standard","has-post-thumbnail","hentry","category-cultura-entretenimiento","category-diario-armstrong","category-politica","category-region","tag-1812","tag-armstrong","tag-bouquet","tag-cultura","tag-de","tag-en","tag-fiesta","tag-la","tag-region-2","tag-y"],"jetpack_publicize_connections":[],"jetpack_featured_media_url":"https:\/\/armstrongyregion.com.ar\/diario\/wp-content\/uploads\/2019\/01\/fiesta-cultura-2019-1.jpg","jetpack_shortlink":"https:\/\/wp.me\/p62QDO-5eh","jetpack_sharing_enabled":true,"amp_enabled":true,"_links":{"self":[{"href":"https:\/\/armstrongyregion.com.ar\/diario\/wp-json\/wp\/v2\/posts\/20105","targetHints":{"allow":["GET"]}}],"collection":[{"href":"https:\/\/armstrongyregion.com.ar\/diario\/wp-json\/wp\/v2\/posts"}],"about":[{"href":"https:\/\/armstrongyregion.com.ar\/diario\/wp-json\/wp\/v2\/types\/post"}],"author":[{"embeddable":true,"href":"https:\/\/armstrongyregion.com.ar\/diario\/wp-json\/wp\/v2\/users\/1"}],"replies":[{"embeddable":true,"href":"https:\/\/armstrongyregion.com.ar\/diario\/wp-json\/wp\/v2\/comments?post=20105"}],"version-history":[{"count":0,"href":"https:\/\/armstrongyregion.com.ar\/diario\/wp-json\/wp\/v2\/posts\/20105\/revisions"}],"wp:featuredmedia":[{"embeddable":true,"href":"https:\/\/armstrongyregion.com.ar\/diario\/wp-json\/wp\/v2\/media\/20106"}],"wp:attachment":[{"href":"https:\/\/armstrongyregion.com.ar\/diario\/wp-json\/wp\/v2\/media?parent=20105"}],"wp:term":[{"taxonomy":"category","embeddable":true,"href":"https:\/\/armstrongyregion.com.ar\/diario\/wp-json\/wp\/v2\/categories?post=20105"},{"taxonomy":"post_tag","embeddable":true,"href":"https:\/\/armstrongyregion.com.ar\/diario\/wp-json\/wp\/v2\/tags?post=20105"}],"curies":[{"name":"wp","href":"https:\/\/api.w.org\/{rel}","templated":true}]}}