{"id":20093,"date":"2019-01-20T15:47:49","date_gmt":"2019-01-20T15:47:49","guid":{"rendered":"https:\/\/armstrongyregion.com.ar\/diario\/?p=20093"},"modified":"2019-01-20T15:47:49","modified_gmt":"2019-01-20T15:47:49","slug":"armstrong-accidente-en-calles-bergara-y-brasil-entre-una-camioneta-y-un-automovil","status":"publish","type":"post","link":"https:\/\/armstrongyregion.com.ar\/diario\/armstrong-accidente-en-calles-bergara-y-brasil-entre-una-camioneta-y-un-automovil\/","title":{"rendered":"Armstrong. Accidente en calles Bergara y Brasil entre una camioneta y un autom\u00f3vil."},"content":{"rendered":"<p><a href=\"http:\/\/armstrongyregion.com.ar\/diario\/wp-content\/uploads\/2019\/01\/accidente-1919.jpg\"><img loading=\"lazy\" decoding=\"async\" class=\"alignnone size-full wp-image-20094\" src=\"http:\/\/armstrongyregion.com.ar\/diario\/wp-content\/uploads\/2019\/01\/accidente-1919.jpg\" alt=\"accidente-1919\" width=\"960\" height=\"720\" srcset=\"https:\/\/armstrongyregion.com.ar\/diario\/wp-content\/uploads\/2019\/01\/accidente-1919.jpg 960w, https:\/\/armstrongyregion.com.ar\/diario\/wp-content\/uploads\/2019\/01\/accidente-1919-300x225.jpg 300w\" sizes=\"auto, (max-width: 960px) 100vw, 960px\" \/><\/a>En la noche del s\u00e1bado 19 de enero, a las 23,30hs, la guardia de Bomberos Voluntarios de Armstrong, recibe un llamado desde la Comisaria local, solicitando colaboraci\u00f3n en un accidente ocurrido en calles Bergara y Brasil, entre una camioneta y un autom\u00f3vil.<\/p>\n<p><a href=\"http:\/\/armstrongyregion.com.ar\/diario\/wp-content\/uploads\/2019\/01\/accidente-1919ambos-.jpg\"><img loading=\"lazy\" decoding=\"async\" class=\"alignnone size-full wp-image-20095\" src=\"http:\/\/armstrongyregion.com.ar\/diario\/wp-content\/uploads\/2019\/01\/accidente-1919ambos-.jpg\" alt=\"accidente-1919ambos-\" width=\"960\" height=\"720\" srcset=\"https:\/\/armstrongyregion.com.ar\/diario\/wp-content\/uploads\/2019\/01\/accidente-1919ambos-.jpg 960w, https:\/\/armstrongyregion.com.ar\/diario\/wp-content\/uploads\/2019\/01\/accidente-1919ambos--300x225.jpg 300w\" sizes=\"auto, (max-width: 960px) 100vw, 960px\" \/><\/a>Los ocupantes, sin ninguna lesi\u00f3n fueron trasladados a la comisar\u00eda local para hacer denuncias pertinentes.<\/p>\n","protected":false},"excerpt":{"rendered":"<p>En la noche del s\u00e1bado 19 de enero, a las 23,30hs, la guardia de Bomberos Voluntarios de Armstrong, recibe un llamado desde la Comisaria local, solicitando colaboraci\u00f3n en un accidente ocurrido en calles Bergara y Brasil, entre una camioneta y un autom\u00f3vil. Los ocupantes, sin ninguna lesi\u00f3n fueron trasladados a la comisar\u00eda local para hacer <a href=\"https:\/\/armstrongyregion.com.ar\/diario\/armstrong-accidente-en-calles-bergara-y-brasil-entre-una-camioneta-y-un-automovil\/\" title=\"Read more\" >&#8230;<\/a><\/p>\n","protected":false},"author":1,"featured_media":20094,"comment_status":"open","ping_status":"open","sticky":false,"template":"","format":"standard","meta":{"_jetpack_memberships_contains_paid_content":false,"footnotes":"","jetpack_publicize_message":"","jetpack_publicize_feature_enabled":true,"jetpack_social_post_already_shared":false,"jetpack_social_options":{"image_generator_settings":{"template":"highway","default_image_id":0,"enabled":false},"version":2}},"categories":[8,1,2,2852],"tags":[7490],"class_list":["post-20093","post","type-post","status-publish","format-standard","has-post-thumbnail","hentry","category-deliberando","category-diario-armstrong","category-locales","category-policiales","tag-armstrong-accidente-en-calles-bergara-y-brasil-entre-una-camioneta-y-un-automovil"],"jetpack_publicize_connections":[],"jetpack_featured_media_url":"https:\/\/armstrongyregion.com.ar\/diario\/wp-content\/uploads\/2019\/01\/accidente-1919.jpg","jetpack_shortlink":"https:\/\/wp.me\/p62QDO-5e5","jetpack_sharing_enabled":true,"amp_enabled":true,"_links":{"self":[{"href":"https:\/\/armstrongyregion.com.ar\/diario\/wp-json\/wp\/v2\/posts\/20093","targetHints":{"allow":["GET"]}}],"collection":[{"href":"https:\/\/armstrongyregion.com.ar\/diario\/wp-json\/wp\/v2\/posts"}],"about":[{"href":"https:\/\/armstrongyregion.com.ar\/diario\/wp-json\/wp\/v2\/types\/post"}],"author":[{"embeddable":true,"href":"https:\/\/armstrongyregion.com.ar\/diario\/wp-json\/wp\/v2\/users\/1"}],"replies":[{"embeddable":true,"href":"https:\/\/armstrongyregion.com.ar\/diario\/wp-json\/wp\/v2\/comments?post=20093"}],"version-history":[{"count":0,"href":"https:\/\/armstrongyregion.com.ar\/diario\/wp-json\/wp\/v2\/posts\/20093\/revisions"}],"wp:featuredmedia":[{"embeddable":true,"href":"https:\/\/armstrongyregion.com.ar\/diario\/wp-json\/wp\/v2\/media\/20094"}],"wp:attachment":[{"href":"https:\/\/armstrongyregion.com.ar\/diario\/wp-json\/wp\/v2\/media?parent=20093"}],"wp:term":[{"taxonomy":"category","embeddable":true,"href":"https:\/\/armstrongyregion.com.ar\/diario\/wp-json\/wp\/v2\/categories?post=20093"},{"taxonomy":"post_tag","embeddable":true,"href":"https:\/\/armstrongyregion.com.ar\/diario\/wp-json\/wp\/v2\/tags?post=20093"}],"curies":[{"name":"wp","href":"https:\/\/api.w.org\/{rel}","templated":true}]}}