{"id":20089,"date":"2019-01-18T15:41:14","date_gmt":"2019-01-18T15:41:14","guid":{"rendered":"https:\/\/armstrongyregion.com.ar\/diario\/?p=20089"},"modified":"2019-01-18T15:41:14","modified_gmt":"2019-01-18T15:41:14","slug":"mi-espacio-politico-va-a-tener-un-candidato-a-senador-departamental","status":"publish","type":"post","link":"https:\/\/armstrongyregion.com.ar\/diario\/mi-espacio-politico-va-a-tener-un-candidato-a-senador-departamental\/","title":{"rendered":"Mi espacio pol\u00edtico va a tener un candidato a Senador departamental"},"content":{"rendered":"<p>El senador mandato cumplido, Alberto Crosetti, visit\u00f3 los estudios de Renacer Regipnal y habl\u00f3 de todo.<br \/>\n<!--[if lt IE 9]><script>document.createElement('audio');<\/script><![endif]-->\n<audio class=\"wp-audio-shortcode\" id=\"audio-20089-1\" preload=\"none\" style=\"width: 100%;\" controls=\"controls\"><source type=\"audio\/mpeg\" src=\"http:\/\/armstrongyregion.com.ar\/diario\/wp-content\/uploads\/2019\/01\/AUDIO-CROC.mp3?_=1\" \/><a href=\"http:\/\/armstrongyregion.com.ar\/diario\/wp-content\/uploads\/2019\/01\/AUDIO-CROC.mp3\">http:\/\/armstrongyregion.com.ar\/diario\/wp-content\/uploads\/2019\/01\/AUDIO-CROC.mp3<\/a><\/audio><br \/>\n\u00bfQu\u00e9 an\u00e1lisis hace de este a\u00f1o electoral? \u00abEntramos claramente en etapas de definiciones. Ya corrieron m\u00e1s de 15 d\u00edas del a\u00f1o, y el 22 de febrero vence el plazo para la presentaci\u00f3n de listas, por lo que hay que ir tomando decisiones. El cronograma electoral ya est\u00e1, se sabe cuando van a ser las primarias y las generales, siendo Santa Fe una de las primeras que va a tener elecci\u00f3n, en un conjunto de provincias que tambi\u00e9n separan de las nacionales. Ser\u00e1 un a\u00f1o donde se juegan todos los cargos\u00bb.<\/p>\n<p>\u00bfPiensa en el Senado por el Departamento Belgrano? \u00abNuestro espacio va a tener un candidato. Claramente pensamos que debemos que tenerlo por lo que a sido la historia de nuestro trabajo, de los a\u00f1os en que hemos llevado adelante la tarea de la senadur\u00eda, y creemos que tenemos la posibilidad de ser opci\u00f3n en virtud de toda esa tarea realizada, que a quedado en la memoria de la gente. Y soy tambi\u00e9n un convencido de que la competencia electoral abona el sistema democr\u00e1tico, la gente tiene para elegir y escuchar\u00e1 propuestas de distintos sectores, y eso es lo bueno de la democracia. A la luz de eso vamos a estar presentando una propuesta, y una vez que pase febrero, que inscribamos las listas, vamos a estar visitando la gente para hablarles de un cambio necesario de acuerdo a nuestra \u00f3ptica\u00bb.<\/p>\n<p>(Se recomiendo escuchar el audio completo)<\/p>\n","protected":false},"excerpt":{"rendered":"<p>El senador mandato cumplido, Alberto Crosetti, visit\u00f3 los estudios de Renacer Regipnal y habl\u00f3 de todo. \u00bfQu\u00e9 an\u00e1lisis hace de este a\u00f1o electoral? \u00abEntramos claramente en etapas de definiciones. Ya corrieron m\u00e1s de 15 d\u00edas del a\u00f1o, y el 22 de febrero vence el plazo para la presentaci\u00f3n de listas, por lo que hay que <a href=\"https:\/\/armstrongyregion.com.ar\/diario\/mi-espacio-politico-va-a-tener-un-candidato-a-senador-departamental\/\" title=\"Read more\" >&#8230;<\/a><\/p>\n","protected":false},"author":2,"featured_media":20091,"comment_status":"open","ping_status":"open","sticky":false,"template":"","format":"standard","meta":{"_jetpack_memberships_contains_paid_content":false,"footnotes":"","jetpack_publicize_message":"","jetpack_publicize_feature_enabled":true,"jetpack_social_post_already_shared":false,"jetpack_social_options":{"image_generator_settings":{"template":"highway","default_image_id":0,"enabled":false},"version":2}},"categories":[1,7],"tags":[],"class_list":["post-20089","post","type-post","status-publish","format-standard","has-post-thumbnail","hentry","category-diario-armstrong","category-politica"],"jetpack_publicize_connections":[],"jetpack_featured_media_url":"https:\/\/armstrongyregion.com.ar\/diario\/wp-content\/uploads\/2019\/01\/polit.jpg","jetpack_shortlink":"https:\/\/wp.me\/p62QDO-5e1","jetpack_sharing_enabled":true,"amp_enabled":true,"_links":{"self":[{"href":"https:\/\/armstrongyregion.com.ar\/diario\/wp-json\/wp\/v2\/posts\/20089","targetHints":{"allow":["GET"]}}],"collection":[{"href":"https:\/\/armstrongyregion.com.ar\/diario\/wp-json\/wp\/v2\/posts"}],"about":[{"href":"https:\/\/armstrongyregion.com.ar\/diario\/wp-json\/wp\/v2\/types\/post"}],"author":[{"embeddable":true,"href":"https:\/\/armstrongyregion.com.ar\/diario\/wp-json\/wp\/v2\/users\/2"}],"replies":[{"embeddable":true,"href":"https:\/\/armstrongyregion.com.ar\/diario\/wp-json\/wp\/v2\/comments?post=20089"}],"version-history":[{"count":0,"href":"https:\/\/armstrongyregion.com.ar\/diario\/wp-json\/wp\/v2\/posts\/20089\/revisions"}],"wp:featuredmedia":[{"embeddable":true,"href":"https:\/\/armstrongyregion.com.ar\/diario\/wp-json\/wp\/v2\/media\/20091"}],"wp:attachment":[{"href":"https:\/\/armstrongyregion.com.ar\/diario\/wp-json\/wp\/v2\/media?parent=20089"}],"wp:term":[{"taxonomy":"category","embeddable":true,"href":"https:\/\/armstrongyregion.com.ar\/diario\/wp-json\/wp\/v2\/categories?post=20089"},{"taxonomy":"post_tag","embeddable":true,"href":"https:\/\/armstrongyregion.com.ar\/diario\/wp-json\/wp\/v2\/tags?post=20089"}],"curies":[{"name":"wp","href":"https:\/\/api.w.org\/{rel}","templated":true}]}}