{"id":20086,"date":"2019-01-18T14:38:59","date_gmt":"2019-01-18T14:38:59","guid":{"rendered":"https:\/\/armstrongyregion.com.ar\/diario\/?p=20086"},"modified":"2019-01-18T14:38:59","modified_gmt":"2019-01-18T14:38:59","slug":"armstrong-homenaje-a-los-cooperativistas-2019","status":"publish","type":"post","link":"https:\/\/armstrongyregion.com.ar\/diario\/armstrong-homenaje-a-los-cooperativistas-2019\/","title":{"rendered":"Armstrong. Homenaje a los cooperativistas 2019."},"content":{"rendered":"<p><a href=\"http:\/\/armstrongyregion.com.ar\/diario\/wp-content\/uploads\/2019\/01\/acto-cooperativistas-2019.jpg\"><img loading=\"lazy\" decoding=\"async\" class=\"alignnone size-large wp-image-20087\" src=\"http:\/\/armstrongyregion.com.ar\/diario\/wp-content\/uploads\/2019\/01\/acto-cooperativistas-2019-1024x739.jpg\" alt=\"acto cooperativistas 2019\" width=\"800\" height=\"577\" srcset=\"https:\/\/armstrongyregion.com.ar\/diario\/wp-content\/uploads\/2019\/01\/acto-cooperativistas-2019-1024x739.jpg 1024w, https:\/\/armstrongyregion.com.ar\/diario\/wp-content\/uploads\/2019\/01\/acto-cooperativistas-2019-300x216.jpg 300w\" sizes=\"auto, (max-width: 800px) 100vw, 800px\" \/><\/a>La Municipalidad de Armstrong a trav\u00e9s de la Secretar\u00eda de Educaci\u00f3n, Cultura y Deporte invita a participar del acto homenaje que se realizar\u00e1 el mi\u00e9rcoles 23 de enero a las 20 hs. en el Museo Hist\u00f3rico Municipal al conmemorarse el 45\u00b0 aniversario del asesinato de los cooperativistas.<\/p>\n<p>Ser\u00e1 para recordar aquella tr\u00e1gica fecha donde perdieron la vida Odorico Montorfano, inspector de cooperativas, de la ciudad de Rosario;\u00a0 V\u00edctor Cantoia, Aldo Alberto Viotto, H\u00e9ctor Roberto Blanch y Ernesto Pascucci, todos habitantes de Armstrong que desempe\u00f1aban actividades en la Cooperativa Agr\u00edcola Ganadera de Armstrong Ltda.<\/p>\n<p>&nbsp;<\/p>\n","protected":false},"excerpt":{"rendered":"<p>La Municipalidad de Armstrong a trav\u00e9s de la Secretar\u00eda de Educaci\u00f3n, Cultura y Deporte invita a participar del acto homenaje que se realizar\u00e1 el mi\u00e9rcoles 23 de enero a las 20 hs. en el Museo Hist\u00f3rico Municipal al conmemorarse el 45\u00b0 aniversario del asesinato de los cooperativistas. Ser\u00e1 para recordar aquella tr\u00e1gica fecha donde perdieron <a href=\"https:\/\/armstrongyregion.com.ar\/diario\/armstrong-homenaje-a-los-cooperativistas-2019\/\" title=\"Read more\" >&#8230;<\/a><\/p>\n","protected":false},"author":1,"featured_media":20087,"comment_status":"open","ping_status":"open","sticky":false,"template":"","format":"standard","meta":{"_jetpack_memberships_contains_paid_content":false,"footnotes":"","jetpack_publicize_message":"","jetpack_publicize_feature_enabled":true,"jetpack_social_post_already_shared":false,"jetpack_social_options":{"image_generator_settings":{"template":"highway","default_image_id":0,"enabled":false},"version":2}},"categories":[1],"tags":[1212,20,7489,547,388,13],"class_list":["post-20086","post","type-post","status-publish","format-standard","has-post-thumbnail","hentry","category-diario-armstrong","tag-acto","tag-armstrong","tag-asesinados","tag-cooperativistas","tag-region-2","tag-y"],"jetpack_publicize_connections":[],"jetpack_featured_media_url":"https:\/\/armstrongyregion.com.ar\/diario\/wp-content\/uploads\/2019\/01\/acto-cooperativistas-2019.jpg","jetpack_shortlink":"https:\/\/wp.me\/p62QDO-5dY","jetpack_sharing_enabled":true,"amp_enabled":true,"_links":{"self":[{"href":"https:\/\/armstrongyregion.com.ar\/diario\/wp-json\/wp\/v2\/posts\/20086","targetHints":{"allow":["GET"]}}],"collection":[{"href":"https:\/\/armstrongyregion.com.ar\/diario\/wp-json\/wp\/v2\/posts"}],"about":[{"href":"https:\/\/armstrongyregion.com.ar\/diario\/wp-json\/wp\/v2\/types\/post"}],"author":[{"embeddable":true,"href":"https:\/\/armstrongyregion.com.ar\/diario\/wp-json\/wp\/v2\/users\/1"}],"replies":[{"embeddable":true,"href":"https:\/\/armstrongyregion.com.ar\/diario\/wp-json\/wp\/v2\/comments?post=20086"}],"version-history":[{"count":0,"href":"https:\/\/armstrongyregion.com.ar\/diario\/wp-json\/wp\/v2\/posts\/20086\/revisions"}],"wp:featuredmedia":[{"embeddable":true,"href":"https:\/\/armstrongyregion.com.ar\/diario\/wp-json\/wp\/v2\/media\/20087"}],"wp:attachment":[{"href":"https:\/\/armstrongyregion.com.ar\/diario\/wp-json\/wp\/v2\/media?parent=20086"}],"wp:term":[{"taxonomy":"category","embeddable":true,"href":"https:\/\/armstrongyregion.com.ar\/diario\/wp-json\/wp\/v2\/categories?post=20086"},{"taxonomy":"post_tag","embeddable":true,"href":"https:\/\/armstrongyregion.com.ar\/diario\/wp-json\/wp\/v2\/tags?post=20086"}],"curies":[{"name":"wp","href":"https:\/\/api.w.org\/{rel}","templated":true}]}}