{"id":20082,"date":"2019-01-18T14:29:28","date_gmt":"2019-01-18T14:29:28","guid":{"rendered":"https:\/\/armstrongyregion.com.ar\/diario\/?p=20082"},"modified":"2019-01-18T14:29:28","modified_gmt":"2019-01-18T14:29:28","slug":"san-genaro-aprobaron-un-millonario-proyecto-para-crear-un-centro-cultural","status":"publish","type":"post","link":"https:\/\/armstrongyregion.com.ar\/diario\/san-genaro-aprobaron-un-millonario-proyecto-para-crear-un-centro-cultural\/","title":{"rendered":"San Genaro: aprobaron un millonario proyecto para crear un centro cultural."},"content":{"rendered":"<p><a href=\"http:\/\/armstrongyregion.com.ar\/diario\/wp-content\/uploads\/2019\/01\/fOTO-SAN-GENARO-1.jpg\"><img loading=\"lazy\" decoding=\"async\" class=\"alignnone size-large wp-image-20084\" src=\"http:\/\/armstrongyregion.com.ar\/diario\/wp-content\/uploads\/2019\/01\/fOTO-SAN-GENARO-1-1024x628.jpg\" alt=\"fOTO-SAN-GENARO-\" width=\"800\" height=\"491\" srcset=\"https:\/\/armstrongyregion.com.ar\/diario\/wp-content\/uploads\/2019\/01\/fOTO-SAN-GENARO-1-1024x628.jpg 1024w, https:\/\/armstrongyregion.com.ar\/diario\/wp-content\/uploads\/2019\/01\/fOTO-SAN-GENARO-1-300x184.jpg 300w, https:\/\/armstrongyregion.com.ar\/diario\/wp-content\/uploads\/2019\/01\/fOTO-SAN-GENARO-1.jpg 1280w\" sizes=\"auto, (max-width: 800px) 100vw, 800px\" \/><\/a>En sesi\u00f3n extraordinaria en el Concejo Municipal, este mi\u00e9rcoles 16 aprob\u00f3 una ordenanza para recibir fondos de la provincia para construir un centro cultural.<\/p>\n<p>El proyecto fue presentado directamente por el Ejecutivo y aprobado por mayor\u00eda de los ediles presentes en la sesi\u00f3n del 16 de enero de 2019.<\/p>\n<p>Se trata de un fondo no reintegrable que env\u00eda la Provincia de $1.500.000, para hacer un centro cultural en la ciudad, m\u00e1s precisamente en el predio de \u201cla Uni\u00f3n\u201d. Con esta aprobaci\u00f3n, ya se conseguir\u00edan los fondos para comenzar a trabajar en este proyecto.<\/p>\n<p>Cabe destacar que en la votaci\u00f3n se produjo la abstenci\u00f3n de los ediles del Bloque Justicialista, ya que ten\u00edan dudas acerca de esta ordenanza y le parec\u00eda apropiado esperar porque en el lugar indicado tambi\u00e9n exist\u00eda el proyecto de realizar la \u201cCasa del Bicentenario\u201d, desconociendo si la estructura se utilizar\u00eda en el futuro para ambas cosas.<\/p>\n<p>Pese a que la ordenanza solo dec\u00eda el lugar donde se iba a realizar y no ahondaba en detalles ni hab\u00eda planos, se decidi\u00f3 aprobar esta ordenanza al considerarla importante para la ciudad de San Genaro.<\/p>\n<p>Fuente: InfoM\u00e1s \/ Edici\u00f3n: Las Rosas Digital<\/p>\n","protected":false},"excerpt":{"rendered":"<p>En sesi\u00f3n extraordinaria en el Concejo Municipal, este mi\u00e9rcoles 16 aprob\u00f3 una ordenanza para recibir fondos de la provincia para construir un centro cultural. El proyecto fue presentado directamente por el Ejecutivo y aprobado por mayor\u00eda de los ediles presentes en la sesi\u00f3n del 16 de enero de 2019. Se trata de un fondo no <a href=\"https:\/\/armstrongyregion.com.ar\/diario\/san-genaro-aprobaron-un-millonario-proyecto-para-crear-un-centro-cultural\/\" title=\"Read more\" >&#8230;<\/a><\/p>\n","protected":false},"author":1,"featured_media":20084,"comment_status":"open","ping_status":"open","sticky":false,"template":"","format":"standard","meta":{"_jetpack_memberships_contains_paid_content":false,"footnotes":"","jetpack_publicize_message":"","jetpack_publicize_feature_enabled":true,"jetpack_social_post_already_shared":false,"jetpack_social_options":{"image_generator_settings":{"template":"highway","default_image_id":0,"enabled":false},"version":2}},"categories":[8,1,7,3],"tags":[20,2693,4434,639,388,284,13],"class_list":["post-20082","post","type-post","status-publish","format-standard","has-post-thumbnail","hentry","category-deliberando","category-diario-armstrong","category-politica","category-region","tag-armstrong","tag-genaro","tag-millonario","tag-proyecto","tag-region-2","tag-san","tag-y"],"jetpack_publicize_connections":[],"jetpack_featured_media_url":"https:\/\/armstrongyregion.com.ar\/diario\/wp-content\/uploads\/2019\/01\/fOTO-SAN-GENARO-1.jpg","jetpack_shortlink":"https:\/\/wp.me\/p62QDO-5dU","jetpack_sharing_enabled":true,"amp_enabled":true,"_links":{"self":[{"href":"https:\/\/armstrongyregion.com.ar\/diario\/wp-json\/wp\/v2\/posts\/20082","targetHints":{"allow":["GET"]}}],"collection":[{"href":"https:\/\/armstrongyregion.com.ar\/diario\/wp-json\/wp\/v2\/posts"}],"about":[{"href":"https:\/\/armstrongyregion.com.ar\/diario\/wp-json\/wp\/v2\/types\/post"}],"author":[{"embeddable":true,"href":"https:\/\/armstrongyregion.com.ar\/diario\/wp-json\/wp\/v2\/users\/1"}],"replies":[{"embeddable":true,"href":"https:\/\/armstrongyregion.com.ar\/diario\/wp-json\/wp\/v2\/comments?post=20082"}],"version-history":[{"count":0,"href":"https:\/\/armstrongyregion.com.ar\/diario\/wp-json\/wp\/v2\/posts\/20082\/revisions"}],"wp:featuredmedia":[{"embeddable":true,"href":"https:\/\/armstrongyregion.com.ar\/diario\/wp-json\/wp\/v2\/media\/20084"}],"wp:attachment":[{"href":"https:\/\/armstrongyregion.com.ar\/diario\/wp-json\/wp\/v2\/media?parent=20082"}],"wp:term":[{"taxonomy":"category","embeddable":true,"href":"https:\/\/armstrongyregion.com.ar\/diario\/wp-json\/wp\/v2\/categories?post=20082"},{"taxonomy":"post_tag","embeddable":true,"href":"https:\/\/armstrongyregion.com.ar\/diario\/wp-json\/wp\/v2\/tags?post=20082"}],"curies":[{"name":"wp","href":"https:\/\/api.w.org\/{rel}","templated":true}]}}