{"id":20076,"date":"2019-01-18T14:04:07","date_gmt":"2019-01-18T14:04:07","guid":{"rendered":"https:\/\/armstrongyregion.com.ar\/diario\/?p=20076"},"modified":"2019-01-18T14:04:07","modified_gmt":"2019-01-18T14:04:07","slug":"una-multitud-marcho-en-rosario-contra-los-aumentos-de-tarifas","status":"publish","type":"post","link":"https:\/\/armstrongyregion.com.ar\/diario\/una-multitud-marcho-en-rosario-contra-los-aumentos-de-tarifas\/","title":{"rendered":"Una multitud march\u00f3 en Rosario contra los aumentos de tarifas."},"content":{"rendered":"<p><a href=\"http:\/\/armstrongyregion.com.ar\/diario\/wp-content\/uploads\/2019\/01\/Vicenti.jpg\"><img loading=\"lazy\" decoding=\"async\" class=\"alignnone size-full wp-image-20077\" src=\"http:\/\/armstrongyregion.com.ar\/diario\/wp-content\/uploads\/2019\/01\/Vicenti.jpg\" alt=\"Vicenti\" width=\"768\" height=\"431\" srcset=\"https:\/\/armstrongyregion.com.ar\/diario\/wp-content\/uploads\/2019\/01\/Vicenti.jpg 768w, https:\/\/armstrongyregion.com.ar\/diario\/wp-content\/uploads\/2019\/01\/Vicenti-300x168.jpg 300w\" sizes=\"auto, (max-width: 768px) 100vw, 768px\" \/><\/a>Una movilizaci\u00f3n de quince cuadras desemboc\u00f3 en la plaza San Mart\u00edn. Participaron referentes nacionales. Cr\u00edticas a la pol\u00edtica econ\u00f3mica.<\/p>\n<p>Una multitud que los organizadores estimaron en cerca de 100 mil personas particip\u00f3 ayer de la marcha contra los tarifazos en Rosario. Una movilizaci\u00f3n multisectorial convocada por m\u00e1s de cien organizaciones desbord\u00f3 la plaza San Mart\u00edn, punto de llegada de una columna que se extendi\u00f3 por quince cuadras y que tard\u00f3 una hora en acomodarse en los alrededores del palco.<br \/>\nCon esta contundencia, se realiz\u00f3 en la ciudad el segundo cap\u00edtulo de las marchas de antorchas que lanz\u00f3 a principios de mes un conjunto de organizaciones sindicales y sociales, entre las que se encuentra el Frente Sindical por un Modelo Nacional, las dos CTA y la Multisectorial 21 F.<br \/>\nEse plan de lucha se inici\u00f3 la semana pasada en Buenos Aires, ayer sigui\u00f3 en Rosario y se repetir\u00e1 todos los jueves en distintas ciudades del pa\u00eds.<br \/>\nLa caracter\u00edstica principal de la marcha rosarina estuvo en la diversidad de sus convocantes. Casi el 95% de los gremios de Rosario moviliz\u00f3, al igual que los movimientos sociales, organizaciones de la sociedad como la Red de Clubes de Barrio, entidades de consumidores, empresarias e industriales.<br \/>\nLa Multisectorial contra los Tarifazos de Rosario, pionera en la pelea contra los ajustes de tarifas, convoc\u00f3 a los \u00abciudadanos de a pie\u00bb, que tuvieron gran protagonismo en la marcha de ayer.<br \/>\nDirigentes nacionales como Hugo Yasky, Sonia Alesso, Roberto Baradel, Daniel Garc\u00eda y Carina Moyano estuvieron presentes junto a la mayor\u00eda de los dirigentes locales. Sin discursos, cuatro mujeres del mundo gremial leyeron un documento consensuado por el centenar de convocantes: Nancy Santamar\u00eda (Multisectorial contra los tarifazos), Stella Hern\u00e1ndez (Prensa y CTA-T), Yamila Baclini (Municipales) y Claudia Indiviglia (Multisectorial 21-F).<br \/>\n\u00abTener tarifas justas y razonables es un derecho b\u00e1sico en el siglo XXI\u00bb, expres\u00f3 el documento luego de un abundante recorrido de cr\u00edticas contra la pol\u00edtica nacional. Los firmantes denunciaron que el funcionario de Mauricio Macri mut\u00f3 el subsidio a los ciudadanos por el subsidio a las compa\u00f1\u00edas energ\u00e9ticas, \u00abque est\u00e1n directamente vinculadas con los miembros del gobierno\u00bb.<br \/>\nTambi\u00e9n se\u00f1alaron la \u00abinsensibilidad de los tres niveles del Estado\u00bb por el efecto de los demenciales aumentos de tarifas. Y enumeraron: 750% en luz, 350% en agua, 3.000% en gas y 300% en transporte urbano, en los \u00faltimos tres a\u00f1os. \u00abAntes los costos de la canasta de servicios b\u00e1sicos insum\u00eda el 15% de los ingresos de una familia, ahora el 25%\u00bb, se enfatiz\u00f3 en el documento. La consecuencia fue que \u00ablas oficinas se abarrotaron de usuarios pidiendo planes de pagos\u00bb.<br \/>\nLos organizadores describieron el encadenamiento vicioso de tarifazos, baja del salario real, reducci\u00f3n del consumo interno, cierre de empresas y desempleo.<br \/>\nCon el fin de la lectura, entraban los \u00faltimos manifestantes a la plaza.<br \/>\nConvocatoria amplia<br \/>\nPara Juan Milito, referente de la Multisectorial contra los Tarifazos, \u00abel mundo sindical respondi\u00f3 a la demanda de la gente de sumarse a la pelea contra los ajustes de tarifas\u00bb. Consider\u00f3 un acierto que la protesta se encadene en un plan de lucha y valor\u00f3 la participaci\u00f3n de los vecinos en la marcha de ayer.<br \/>\nMarcelo Andrada, secretario general del Sindicato de Recolectores y referente de Hugo Moyano en la ciudad, se\u00f1al\u00f3 que la manifestaci\u00f3n \u00abcolm\u00f3 las expectativas\u00bb.<br \/>\nY subray\u00f3 la diversidad en el espectro de manifestantes. \u00abAc\u00e1 hay organizaciones que estamos en distintos espacios pero que nos unimos en la acci\u00f3n; los tarifazos nos matan\u00bb, enfatiz\u00f3.<br \/>\nMarcelo Barros, titular de Smata, subray\u00f3 la presencia \u00abdel 95% de los gremios de la regi\u00f3n\u00bb en la movilizaci\u00f3n de ayer. \u00abAumenta todo y todos los d\u00edas cierra una f\u00e1brica en este pa\u00eds; si no cambia la pol\u00edtica econ\u00f3mica vamos al desastre\u00bb, dijo y asegur\u00f3 que en febrero o marzo se debe marchar a \u00abun paro general con movilizaci\u00f3n en todo el pa\u00eds\u00bb.<br \/>\nSonia Alesso, secretaria general de la Ctera, calific\u00f3 a la marcha de \u00abimpresionante\u00bb y destac\u00f3 la participaci\u00f3n de ciudadanos por fuera de las organizaciones. \u00abLos tarifazos son impagables\u00bb, concluy\u00f3.<br \/>\nLuis Batistelli, secretario general del sindicato de trabajadores mercantiles de Rosario, no dud\u00f3 en equiparar los aumentos de tarifas y precios con una \u00abcuesti\u00f3n delictiva\u00bb y elogi\u00f3 la convocatoria \u00abampl\u00edsima\u00bb que impuls\u00f3 la movilizaci\u00f3n de ayer.<br \/>\nLa mayor\u00eda de los dirigentes presentes ayer en la plaza advirtieron que 2019 ser\u00e1 un a\u00f1o muy duro en materia salarial y de empleo. \u00abEs un a\u00f1o de conflicto permanente\u00bb, dijo Batistelli.<\/p>\n<p><b>\u00a0<\/b><\/p>\n<p><b>Precios mayoristas subieron 73,5%<\/b><\/p>\n<p>El \u00edndice de precios mayoristas subi\u00f3 en diciembre 1,3% y acumul\u00f3 un aumento del 73,5% en 2018, inform\u00f3 ayer el Instituto Nacional de Estad\u00edstica y Censos (Indec). Fue el resultado anual m\u00e1s alto desde 2002, cuando cerr\u00f3 con un alza de 77,1%. Los aumentos m\u00e1s significativos en los precios mayoristas durante el 2018 se anotaron en el costo de la energ\u00eda el\u00e9ctrica, 54,1%; y en los importados 104,8%.<\/p>\n<p>Fuente: La Capital.<\/p>\n","protected":false},"excerpt":{"rendered":"<p>Una movilizaci\u00f3n de quince cuadras desemboc\u00f3 en la plaza San Mart\u00edn. Participaron referentes nacionales. Cr\u00edticas a la pol\u00edtica econ\u00f3mica. Una multitud que los organizadores estimaron en cerca de 100 mil personas particip\u00f3 ayer de la marcha contra los tarifazos en Rosario. Una movilizaci\u00f3n multisectorial convocada por m\u00e1s de cien organizaciones desbord\u00f3 la plaza San Mart\u00edn, <a href=\"https:\/\/armstrongyregion.com.ar\/diario\/una-multitud-marcho-en-rosario-contra-los-aumentos-de-tarifas\/\" title=\"Read more\" >&#8230;<\/a><\/p>\n","protected":false},"author":1,"featured_media":20077,"comment_status":"open","ping_status":"open","sticky":false,"template":"","format":"standard","meta":{"_jetpack_memberships_contains_paid_content":false,"footnotes":"","jetpack_publicize_message":"","jetpack_publicize_feature_enabled":true,"jetpack_social_post_already_shared":false,"jetpack_social_options":{"image_generator_settings":{"template":"highway","default_image_id":0,"enabled":false},"version":2}},"categories":[8,1,7,3],"tags":[20,1161,276,388,4114,13],"class_list":["post-20076","post","type-post","status-publish","format-standard","has-post-thumbnail","hentry","category-deliberando","category-diario-armstrong","category-politica","category-region","tag-armstrong","tag-contra","tag-marcha","tag-region-2","tag-tarifazo","tag-y"],"jetpack_publicize_connections":[],"jetpack_featured_media_url":"https:\/\/armstrongyregion.com.ar\/diario\/wp-content\/uploads\/2019\/01\/Vicenti.jpg","jetpack_shortlink":"https:\/\/wp.me\/p62QDO-5dO","jetpack_sharing_enabled":true,"amp_enabled":true,"_links":{"self":[{"href":"https:\/\/armstrongyregion.com.ar\/diario\/wp-json\/wp\/v2\/posts\/20076","targetHints":{"allow":["GET"]}}],"collection":[{"href":"https:\/\/armstrongyregion.com.ar\/diario\/wp-json\/wp\/v2\/posts"}],"about":[{"href":"https:\/\/armstrongyregion.com.ar\/diario\/wp-json\/wp\/v2\/types\/post"}],"author":[{"embeddable":true,"href":"https:\/\/armstrongyregion.com.ar\/diario\/wp-json\/wp\/v2\/users\/1"}],"replies":[{"embeddable":true,"href":"https:\/\/armstrongyregion.com.ar\/diario\/wp-json\/wp\/v2\/comments?post=20076"}],"version-history":[{"count":0,"href":"https:\/\/armstrongyregion.com.ar\/diario\/wp-json\/wp\/v2\/posts\/20076\/revisions"}],"wp:featuredmedia":[{"embeddable":true,"href":"https:\/\/armstrongyregion.com.ar\/diario\/wp-json\/wp\/v2\/media\/20077"}],"wp:attachment":[{"href":"https:\/\/armstrongyregion.com.ar\/diario\/wp-json\/wp\/v2\/media?parent=20076"}],"wp:term":[{"taxonomy":"category","embeddable":true,"href":"https:\/\/armstrongyregion.com.ar\/diario\/wp-json\/wp\/v2\/categories?post=20076"},{"taxonomy":"post_tag","embeddable":true,"href":"https:\/\/armstrongyregion.com.ar\/diario\/wp-json\/wp\/v2\/tags?post=20076"}],"curies":[{"name":"wp","href":"https:\/\/api.w.org\/{rel}","templated":true}]}}