{"id":20057,"date":"2019-01-17T14:54:38","date_gmt":"2019-01-17T14:54:38","guid":{"rendered":"https:\/\/armstrongyregion.com.ar\/diario\/?p=20057"},"modified":"2019-01-17T14:54:38","modified_gmt":"2019-01-17T14:54:38","slug":"armstrong-capacitacion-sobre-huertas-agroecologicas","status":"publish","type":"post","link":"https:\/\/armstrongyregion.com.ar\/diario\/armstrong-capacitacion-sobre-huertas-agroecologicas\/","title":{"rendered":"Armstrong. Capacitaci\u00f3n sobre Huertas Agroecol\u00f3gicas."},"content":{"rendered":"<p><a href=\"http:\/\/armstrongyregion.com.ar\/diario\/wp-content\/uploads\/2019\/01\/huerta-agroecologica-.jpg\"><img loading=\"lazy\" decoding=\"async\" class=\"alignnone size-full wp-image-20058\" src=\"http:\/\/armstrongyregion.com.ar\/diario\/wp-content\/uploads\/2019\/01\/huerta-agroecologica-.jpg\" alt=\"huerta-agroecologica-\" width=\"768\" height=\"538\" srcset=\"https:\/\/armstrongyregion.com.ar\/diario\/wp-content\/uploads\/2019\/01\/huerta-agroecologica-.jpg 768w, https:\/\/armstrongyregion.com.ar\/diario\/wp-content\/uploads\/2019\/01\/huerta-agroecologica--300x210.jpg 300w\" sizes=\"auto, (max-width: 768px) 100vw, 768px\" \/><\/a>La Municipalidad de Armstrong, invita a participar de una jornada de capacitaci\u00f3n referida a como iniciar una Huerta Agroecol\u00f3gica que se ofrecer\u00e1 el dia lunes\u00a0 21 de enero a las 14,30hs en el Sal\u00f3n Delmo Dar\u00f3, San Martin 1565.<\/p>\n<p>El encuentro organizado conjuntamente con el INTA esta dirigido a todas aquellas personas que ya realicen huertas y tengan dudas o inquietudes y necesiten mas informaci\u00f3n y para todos aquellos que deseen iniciarse en la actividad.<\/p>\n<p>Esta capacitaci\u00f3n es totalmente gratuita y no es necesario realizar una inscripcion previa, los interesados deben presentarse en el lugar y horario indicados.<\/p>\n<p>&nbsp;<\/p>\n","protected":false},"excerpt":{"rendered":"<p>La Municipalidad de Armstrong, invita a participar de una jornada de capacitaci\u00f3n referida a como iniciar una Huerta Agroecol\u00f3gica que se ofrecer\u00e1 el dia lunes\u00a0 21 de enero a las 14,30hs en el Sal\u00f3n Delmo Dar\u00f3, San Martin 1565. El encuentro organizado conjuntamente con el INTA esta dirigido a todas aquellas personas que ya realicen <a href=\"https:\/\/armstrongyregion.com.ar\/diario\/armstrong-capacitacion-sobre-huertas-agroecologicas\/\" title=\"Read more\" >&#8230;<\/a><\/p>\n","protected":false},"author":1,"featured_media":20058,"comment_status":"open","ping_status":"open","sticky":false,"template":"","format":"standard","meta":{"_jetpack_memberships_contains_paid_content":false,"footnotes":"","jetpack_publicize_message":"","jetpack_publicize_feature_enabled":true,"jetpack_social_post_already_shared":false,"jetpack_social_options":{"image_generator_settings":{"template":"highway","default_image_id":0,"enabled":false},"version":2}},"categories":[8,1,2],"tags":[7485,20,7484,388,13],"class_list":["post-20057","post","type-post","status-publish","format-standard","has-post-thumbnail","hentry","category-deliberando","category-diario-armstrong","category-locales","tag-agroecologica","tag-armstrong","tag-huerta","tag-region-2","tag-y"],"jetpack_publicize_connections":[],"jetpack_featured_media_url":"https:\/\/armstrongyregion.com.ar\/diario\/wp-content\/uploads\/2019\/01\/huerta-agroecologica-.jpg","jetpack_shortlink":"https:\/\/wp.me\/p62QDO-5dv","jetpack_sharing_enabled":true,"amp_enabled":true,"_links":{"self":[{"href":"https:\/\/armstrongyregion.com.ar\/diario\/wp-json\/wp\/v2\/posts\/20057","targetHints":{"allow":["GET"]}}],"collection":[{"href":"https:\/\/armstrongyregion.com.ar\/diario\/wp-json\/wp\/v2\/posts"}],"about":[{"href":"https:\/\/armstrongyregion.com.ar\/diario\/wp-json\/wp\/v2\/types\/post"}],"author":[{"embeddable":true,"href":"https:\/\/armstrongyregion.com.ar\/diario\/wp-json\/wp\/v2\/users\/1"}],"replies":[{"embeddable":true,"href":"https:\/\/armstrongyregion.com.ar\/diario\/wp-json\/wp\/v2\/comments?post=20057"}],"version-history":[{"count":0,"href":"https:\/\/armstrongyregion.com.ar\/diario\/wp-json\/wp\/v2\/posts\/20057\/revisions"}],"wp:featuredmedia":[{"embeddable":true,"href":"https:\/\/armstrongyregion.com.ar\/diario\/wp-json\/wp\/v2\/media\/20058"}],"wp:attachment":[{"href":"https:\/\/armstrongyregion.com.ar\/diario\/wp-json\/wp\/v2\/media?parent=20057"}],"wp:term":[{"taxonomy":"category","embeddable":true,"href":"https:\/\/armstrongyregion.com.ar\/diario\/wp-json\/wp\/v2\/categories?post=20057"},{"taxonomy":"post_tag","embeddable":true,"href":"https:\/\/armstrongyregion.com.ar\/diario\/wp-json\/wp\/v2\/tags?post=20057"}],"curies":[{"name":"wp","href":"https:\/\/api.w.org\/{rel}","templated":true}]}}