{"id":20031,"date":"2019-01-14T23:40:17","date_gmt":"2019-01-14T23:40:17","guid":{"rendered":"https:\/\/armstrongyregion.com.ar\/diario\/?p=20031"},"modified":"2019-01-14T23:40:17","modified_gmt":"2019-01-14T23:40:17","slug":"giaccone-pedimos-al-gobernador-que-incorpore-a-las-sesiones-extraordinarias-proyectos-ya-ingresados","status":"publish","type":"post","link":"https:\/\/armstrongyregion.com.ar\/diario\/giaccone-pedimos-al-gobernador-que-incorpore-a-las-sesiones-extraordinarias-proyectos-ya-ingresados\/","title":{"rendered":"Giaccone: \u00abPedimos al Gobernador que incorpore a las sesiones extraordinarias proyectos ya ingresados\u00bb"},"content":{"rendered":"<p><strong><u><a href=\"http:\/\/armstrongyregion.com.ar\/diario\/wp-content\/uploads\/2018\/11\/Giaccone-prensa-1.jpg\"><img loading=\"lazy\" decoding=\"async\" class=\"alignnone size-full wp-image-19522\" src=\"http:\/\/armstrongyregion.com.ar\/diario\/wp-content\/uploads\/2018\/11\/Giaccone-prensa-1.jpg\" alt=\"Giaccone prensa (1)\" width=\"768\" height=\"574\" srcset=\"https:\/\/armstrongyregion.com.ar\/diario\/wp-content\/uploads\/2018\/11\/Giaccone-prensa-1.jpg 768w, https:\/\/armstrongyregion.com.ar\/diario\/wp-content\/uploads\/2018\/11\/Giaccone-prensa-1-300x224.jpg 300w\" sizes=\"auto, (max-width: 768px) 100vw, 768px\" \/><\/a>GIACCONE: \u201cPEDIMOS AL GOBERNADOR LIFSCHITZ QUE INCORPORE A LAS SESIONES EXTRAORDINARIAS LOS PROYECTOS YA INGRESADOS PARA FRENAR LOS TARIFAZOS <\/u><\/strong><strong><u>\u201d<\/u><\/strong><\/p>\n<p><strong>La diputada provincial Claudia Giaccone, junto a los legisladores de distintos bloques Rub\u00e9n Giustiniani, Silvia Augsburger, Mercedes Meier, Carlos Del Frade, Luis Rubeo y Leandro Busatto, presentaron una nota dirigida al Gobernador de la Provincia de Santa Fe Miguel Lifschitz, donde se le solicita incorpore al tratamiento en Sesiones Extraordinarias todos los expedientes referidos a la limitaci\u00f3n de incrementos tarifarios, que ya han sido ingresados en la C\u00e1mara.<\/strong><\/p>\n<p><em>\u201cHay una situaci\u00f3n cr\u00edtica por la que atraviesan miles y miles de familias santafesinas debido a la inflaci\u00f3n, la p\u00e9rdida del poder adquisitivo de los salarios, los despidos, la desocupaci\u00f3n cada vez m\u00e1s preocupante, entre otras cuestiones\u201d,<\/em> expresa la diputada Claudia Giaccone. \u201c<em>Cuando caminamos por el territorio provincial, cosa que hago permanentemente, lo m\u00e1s com\u00fan de escuchar es \u201c<u>no puedo pagar la boleta de los servicios<\/u>\u201d, y ante esa angustia no debemos perder el tiempo y ponernos a trabajar en un\u00a0 abordaje conjunto de la Legislatura y el Ejecutivo provincial<\/em>, <em>para encontrar soluciones que lleven alivio a los santafesinos sin desfinanciar a las empresas provinciales de servicios\u201d.<\/em><\/p>\n<p><em>\u201cCreemos que en lo inmediato el Gobierno Provincial no debe trasladar los aumentos anunciados a los usuarios de la EPE, y adem\u00e1s hacerse cargo de la tarifa social al menos durante este a\u00f1o\u201d,<\/em> contin\u00faa la legisladora. <em>\u201cLa seriedad de la situaci\u00f3n exige una respuesta del Estado\u201d.<\/em><\/p>\n<p><em>\u00a0<\/em><\/p>\n","protected":false},"excerpt":{"rendered":"<p>GIACCONE: \u201cPEDIMOS AL GOBERNADOR LIFSCHITZ QUE INCORPORE A LAS SESIONES EXTRAORDINARIAS LOS PROYECTOS YA INGRESADOS PARA FRENAR LOS TARIFAZOS \u201d La diputada provincial Claudia Giaccone, junto a los legisladores de distintos bloques Rub\u00e9n Giustiniani, Silvia Augsburger, Mercedes Meier, Carlos Del Frade, Luis Rubeo y Leandro Busatto, presentaron una nota dirigida al Gobernador de la Provincia <a href=\"https:\/\/armstrongyregion.com.ar\/diario\/giaccone-pedimos-al-gobernador-que-incorpore-a-las-sesiones-extraordinarias-proyectos-ya-ingresados\/\" title=\"Read more\" >&#8230;<\/a><\/p>\n","protected":false},"author":1,"featured_media":17858,"comment_status":"open","ping_status":"open","sticky":false,"template":"","format":"standard","meta":{"_jetpack_memberships_contains_paid_content":false,"footnotes":"","jetpack_publicize_message":"","jetpack_publicize_feature_enabled":true,"jetpack_social_post_already_shared":false,"jetpack_social_options":{"image_generator_settings":{"template":"highway","default_image_id":0,"enabled":false},"version":2}},"categories":[8,1,7,3],"tags":[179,20,1019,766,388,3030,13],"class_list":["post-20031","post","type-post","status-publish","format-standard","has-post-thumbnail","hentry","category-deliberando","category-diario-armstrong","category-politica","category-region","tag-al","tag-armstrong","tag-giaccone","tag-gobernador","tag-region-2","tag-solicita","tag-y"],"jetpack_publicize_connections":[],"jetpack_featured_media_url":"https:\/\/armstrongyregion.com.ar\/diario\/wp-content\/uploads\/2018\/07\/Claudia-Giaccone.jpg","jetpack_shortlink":"https:\/\/wp.me\/p62QDO-5d5","jetpack_sharing_enabled":true,"amp_enabled":true,"_links":{"self":[{"href":"https:\/\/armstrongyregion.com.ar\/diario\/wp-json\/wp\/v2\/posts\/20031","targetHints":{"allow":["GET"]}}],"collection":[{"href":"https:\/\/armstrongyregion.com.ar\/diario\/wp-json\/wp\/v2\/posts"}],"about":[{"href":"https:\/\/armstrongyregion.com.ar\/diario\/wp-json\/wp\/v2\/types\/post"}],"author":[{"embeddable":true,"href":"https:\/\/armstrongyregion.com.ar\/diario\/wp-json\/wp\/v2\/users\/1"}],"replies":[{"embeddable":true,"href":"https:\/\/armstrongyregion.com.ar\/diario\/wp-json\/wp\/v2\/comments?post=20031"}],"version-history":[{"count":0,"href":"https:\/\/armstrongyregion.com.ar\/diario\/wp-json\/wp\/v2\/posts\/20031\/revisions"}],"wp:featuredmedia":[{"embeddable":true,"href":"https:\/\/armstrongyregion.com.ar\/diario\/wp-json\/wp\/v2\/media\/17858"}],"wp:attachment":[{"href":"https:\/\/armstrongyregion.com.ar\/diario\/wp-json\/wp\/v2\/media?parent=20031"}],"wp:term":[{"taxonomy":"category","embeddable":true,"href":"https:\/\/armstrongyregion.com.ar\/diario\/wp-json\/wp\/v2\/categories?post=20031"},{"taxonomy":"post_tag","embeddable":true,"href":"https:\/\/armstrongyregion.com.ar\/diario\/wp-json\/wp\/v2\/tags?post=20031"}],"curies":[{"name":"wp","href":"https:\/\/api.w.org\/{rel}","templated":true}]}}