{"id":20010,"date":"2019-01-11T13:52:08","date_gmt":"2019-01-11T13:52:08","guid":{"rendered":"https:\/\/armstrongyregion.com.ar\/diario\/?p=20010"},"modified":"2019-01-11T13:52:08","modified_gmt":"2019-01-11T13:52:08","slug":"balance-de-gestion-de-renovacion-por-armstrong","status":"publish","type":"post","link":"https:\/\/armstrongyregion.com.ar\/diario\/balance-de-gestion-de-renovacion-por-armstrong\/","title":{"rendered":"Balance de Gesti\u00f3n de Renovaci\u00f3n por Armstrong"},"content":{"rendered":"<p><a href=\"http:\/\/armstrongyregion.com.ar\/diario\/wp-content\/uploads\/2018\/08\/Gramigna-Urquia-.jpg\"><img loading=\"lazy\" decoding=\"async\" class=\"alignnone size-full wp-image-18240\" src=\"http:\/\/armstrongyregion.com.ar\/diario\/wp-content\/uploads\/2018\/08\/Gramigna-Urquia-.jpg\" alt=\"Gramigna-Urquia-\" width=\"768\" height=\"512\" srcset=\"https:\/\/armstrongyregion.com.ar\/diario\/wp-content\/uploads\/2018\/08\/Gramigna-Urquia-.jpg 768w, https:\/\/armstrongyregion.com.ar\/diario\/wp-content\/uploads\/2018\/08\/Gramigna-Urquia--300x200.jpg 300w\" sizes=\"auto, (max-width: 768px) 100vw, 768px\" \/><\/a>Los Concejales Gramigna y Urqu\u00eda realizaron un balance del trabajo realizado durante 2018 en el que hicieron mucho \u00e9nfasis en el sector salud y obra p\u00fablica \u201cA lo largo del periodo legislativo presentamos proyectos todas las sesiones del a\u00f1o, siempre volcando lo que la gente nos transmite en la calle, proyectos important\u00edsimos como el mejoramiento de los servicios de hospital implementando la Guardia Pedi\u00e1trica o adaptando las instalaciones a los nuevos tiempos, o la campa\u00f1a de prevenci\u00f3n de enfermedades de transmisi\u00f3n sexual. Desde nuestro bloque se puso en discusi\u00f3n y se aprob\u00f3 el control de fumigaciones una deuda pendiente que ten\u00eda la ciudad, adem\u00e1s de poner en agenda la situaci\u00f3n de los J\u00f3venes que ten\u00edan que ir salir a otros pueblos ya que en la ciudad se iba a cerrar el \u00fanico boliche que quedaba\u201d expres\u00f3 Urqu\u00eda.<\/p>\n<p>\u201cAdem\u00e1s volvimos a impulsar y exigirle al intendente la implementaci\u00f3n del Monitoreo las 24hs ya que la ciudad sigui\u00f3 con hechos de inseguridad, aunque lamentablemente no tuvimos ninguna respuesta. Trabajamos sobre la Ordenanza de asistencia a personas con enfermedades cr\u00f3nicas u oncol\u00f3gicas, la carpeta m\u00e9dica para empleados municipales, le cuidamos el bolsillo a la gente con la eliminaci\u00f3n del impuesto municipal a la boleta del gas, adem\u00e1s de much\u00edsimas minutas con reclamos de la gente que llevamos al Concejo que en muchos casos no se han cumplido.\u201d Manifest\u00f3 Gramigna.<\/p>\n<p>Para concluir ambos expresaron que adem\u00e1s de la actividad legislativa realizaron muchas gestiones para traer varios servicios a la ciudad, tales como el Renaper para realizar en forma gratuita los DNI, la oficina de Anses y las Garrafas con Tarifa Social.<\/p>\n<p>&nbsp;<\/p>\n","protected":false},"excerpt":{"rendered":"<p>Los Concejales Gramigna y Urqu\u00eda realizaron un balance del trabajo realizado durante 2018 en el que hicieron mucho \u00e9nfasis en el sector salud y obra p\u00fablica \u201cA lo largo del periodo legislativo presentamos proyectos todas las sesiones del a\u00f1o, siempre volcando lo que la gente nos transmite en la calle, proyectos important\u00edsimos como el mejoramiento <a href=\"https:\/\/armstrongyregion.com.ar\/diario\/balance-de-gestion-de-renovacion-por-armstrong\/\" title=\"Read more\" >&#8230;<\/a><\/p>\n","protected":false},"author":1,"featured_media":14109,"comment_status":"open","ping_status":"open","sticky":false,"template":"","format":"standard","meta":{"_jetpack_memberships_contains_paid_content":false,"footnotes":"","jetpack_publicize_message":"","jetpack_publicize_feature_enabled":true,"jetpack_social_post_already_shared":false,"jetpack_social_options":{"image_generator_settings":{"template":"highway","default_image_id":0,"enabled":false},"version":2}},"categories":[8,1,2,7,3],"tags":[20,237,19,1297,60,762],"class_list":["post-20010","post","type-post","status-publish","format-standard","has-post-thumbnail","hentry","category-deliberando","category-diario-armstrong","category-locales","category-politica","category-region","tag-armstrong","tag-balance","tag-de","tag-gestion","tag-por","tag-renovacion"],"jetpack_publicize_connections":[],"jetpack_featured_media_url":"https:\/\/armstrongyregion.com.ar\/diario\/wp-content\/uploads\/2017\/08\/Gramigna-Urquia-.jpg","jetpack_shortlink":"https:\/\/wp.me\/p62QDO-5cK","jetpack_sharing_enabled":true,"amp_enabled":true,"_links":{"self":[{"href":"https:\/\/armstrongyregion.com.ar\/diario\/wp-json\/wp\/v2\/posts\/20010","targetHints":{"allow":["GET"]}}],"collection":[{"href":"https:\/\/armstrongyregion.com.ar\/diario\/wp-json\/wp\/v2\/posts"}],"about":[{"href":"https:\/\/armstrongyregion.com.ar\/diario\/wp-json\/wp\/v2\/types\/post"}],"author":[{"embeddable":true,"href":"https:\/\/armstrongyregion.com.ar\/diario\/wp-json\/wp\/v2\/users\/1"}],"replies":[{"embeddable":true,"href":"https:\/\/armstrongyregion.com.ar\/diario\/wp-json\/wp\/v2\/comments?post=20010"}],"version-history":[{"count":0,"href":"https:\/\/armstrongyregion.com.ar\/diario\/wp-json\/wp\/v2\/posts\/20010\/revisions"}],"wp:featuredmedia":[{"embeddable":true,"href":"https:\/\/armstrongyregion.com.ar\/diario\/wp-json\/wp\/v2\/media\/14109"}],"wp:attachment":[{"href":"https:\/\/armstrongyregion.com.ar\/diario\/wp-json\/wp\/v2\/media?parent=20010"}],"wp:term":[{"taxonomy":"category","embeddable":true,"href":"https:\/\/armstrongyregion.com.ar\/diario\/wp-json\/wp\/v2\/categories?post=20010"},{"taxonomy":"post_tag","embeddable":true,"href":"https:\/\/armstrongyregion.com.ar\/diario\/wp-json\/wp\/v2\/tags?post=20010"}],"curies":[{"name":"wp","href":"https:\/\/api.w.org\/{rel}","templated":true}]}}