{"id":19983,"date":"2019-01-10T21:33:27","date_gmt":"2019-01-10T21:33:27","guid":{"rendered":"https:\/\/armstrongyregion.com.ar\/diario\/?p=19983"},"modified":"2019-01-10T21:33:27","modified_gmt":"2019-01-10T21:33:27","slug":"tambien-se-anota-cleri-ratifico-que-sera-precandidato-a-gobernador-por-el-pj","status":"publish","type":"post","link":"https:\/\/armstrongyregion.com.ar\/diario\/tambien-se-anota-cleri-ratifico-que-sera-precandidato-a-gobernador-por-el-pj\/","title":{"rendered":"Tambi\u00e9n se anota: Cleri ratific\u00f3 que ser\u00e1 precandidato a gobernador por el PJ"},"content":{"rendered":"<p>El diputado nacional dijo a Radio 2 que competir\u00e1 en la interna peronista, frente a Omar Perotti y Mar\u00eda Eugenia Bielsa. El legislador asegur\u00f3 que \u00abla unidad se va a materializar despu\u00e9s de las Paso\u00bb<\/p>\n<p>El diputado nacional Marcos Cleri ratific\u00f3 este jueves que tambi\u00e9n ser\u00e1 precandidato a gobernador en la interna del Partido Justicialista.<\/p>\n<p>\u201cNos vamos a presentar en la interna del PJ como Unidad Ciudadana\u201d, manifest\u00f3 el legislador que de esta manera competir\u00e1 con Omar Perotti y Mar\u00eda Eugenia Bielsa, entre las postulaciones peronistas que ya fueron confirmadas.<\/p>\n<p>En di\u00e1logo con el programa La primera de la tarde (Radio 2), Cleri expres\u00f3 que \u201ces muy saludable para la democracia que se puedan presentar propuestas e ideas\u201d porque \u201cla ciudadan\u00eda quiere construir las certezas para tener un futuro mejor\u201d.<\/p>\n<p>El diputado nacional asegur\u00f3 que \u201cla gente est\u00e1 cansada de las promesas incumplidas\u201d.<\/p>\n<p>\u201cLa ciudadan\u00eda est\u00e1 muy mal\u201d, manifest\u00f3 Cleri y a\u00f1adi\u00f3 que \u201cel pueblo ser\u00e1 quien ordene las candidaturas expresando a trav\u00e9s de las elecciones qui\u00e9n ser\u00e1 el candidato a gobernador en cada uno de los espacios\u201d.<\/p>\n<p>\u201cLa unidad es un valor importante que se va a materializar despu\u00e9s de las Paso\u201d, asegur\u00f3 Cleri sobre las diferentes opciones dentro del peronismo.<\/p>\n<p>Tambi\u00e9n sostuvo que su candidatura junto con las de Perotti y Bielsa \u201cson las tres m\u00e1s firmes\u201d dentro del Justicialismo.<\/p>\n<p>Finalmente, dijo que la precandidatura de la arquitecta y ex vicegobernadora de Santa Fe no lo sorprendi\u00f3 porque \u201cMar\u00eda Eugenia Bielsa lo ven\u00eda manifestando de manera privada y ahora lo hizo p\u00fablico\u201d.<\/p>\n<p>Fuente: Rosario3<\/p>\n","protected":false},"excerpt":{"rendered":"<p>El diputado nacional dijo a Radio 2 que competir\u00e1 en la interna peronista, frente a Omar Perotti y Mar\u00eda Eugenia Bielsa. El legislador asegur\u00f3 que \u00abla unidad se va a materializar despu\u00e9s de las Paso\u00bb El diputado nacional Marcos Cleri ratific\u00f3 este jueves que tambi\u00e9n ser\u00e1 precandidato a gobernador en la interna del Partido Justicialista. <a href=\"https:\/\/armstrongyregion.com.ar\/diario\/tambien-se-anota-cleri-ratifico-que-sera-precandidato-a-gobernador-por-el-pj\/\" title=\"Read more\" >&#8230;<\/a><\/p>\n","protected":false},"author":2,"featured_media":19984,"comment_status":"open","ping_status":"open","sticky":false,"template":"","format":"standard","meta":{"_jetpack_memberships_contains_paid_content":false,"footnotes":"","jetpack_publicize_message":"","jetpack_publicize_feature_enabled":true,"jetpack_social_post_already_shared":false,"jetpack_social_options":{"image_generator_settings":{"template":"highway","default_image_id":0,"enabled":false},"version":2}},"categories":[1,7],"tags":[],"class_list":["post-19983","post","type-post","status-publish","format-standard","has-post-thumbnail","hentry","category-diario-armstrong","category-politica"],"jetpack_publicize_connections":[],"jetpack_featured_media_url":"https:\/\/armstrongyregion.com.ar\/diario\/wp-content\/uploads\/2019\/01\/marcos_cleri.jpg_1572130063.jpg","jetpack_shortlink":"https:\/\/wp.me\/p62QDO-5cj","jetpack_sharing_enabled":true,"amp_enabled":true,"_links":{"self":[{"href":"https:\/\/armstrongyregion.com.ar\/diario\/wp-json\/wp\/v2\/posts\/19983","targetHints":{"allow":["GET"]}}],"collection":[{"href":"https:\/\/armstrongyregion.com.ar\/diario\/wp-json\/wp\/v2\/posts"}],"about":[{"href":"https:\/\/armstrongyregion.com.ar\/diario\/wp-json\/wp\/v2\/types\/post"}],"author":[{"embeddable":true,"href":"https:\/\/armstrongyregion.com.ar\/diario\/wp-json\/wp\/v2\/users\/2"}],"replies":[{"embeddable":true,"href":"https:\/\/armstrongyregion.com.ar\/diario\/wp-json\/wp\/v2\/comments?post=19983"}],"version-history":[{"count":0,"href":"https:\/\/armstrongyregion.com.ar\/diario\/wp-json\/wp\/v2\/posts\/19983\/revisions"}],"wp:featuredmedia":[{"embeddable":true,"href":"https:\/\/armstrongyregion.com.ar\/diario\/wp-json\/wp\/v2\/media\/19984"}],"wp:attachment":[{"href":"https:\/\/armstrongyregion.com.ar\/diario\/wp-json\/wp\/v2\/media?parent=19983"}],"wp:term":[{"taxonomy":"category","embeddable":true,"href":"https:\/\/armstrongyregion.com.ar\/diario\/wp-json\/wp\/v2\/categories?post=19983"},{"taxonomy":"post_tag","embeddable":true,"href":"https:\/\/armstrongyregion.com.ar\/diario\/wp-json\/wp\/v2\/tags?post=19983"}],"curies":[{"name":"wp","href":"https:\/\/api.w.org\/{rel}","templated":true}]}}